{"id":44611,"date":"2023-03-24T09:35:39","date_gmt":"2023-03-24T12:35:39","guid":{"rendered":"http:\/\/www.sincomam.org.br\/?p=44611"},"modified":"2023-03-24T09:35:39","modified_gmt":"2023-03-24T12:35:39","slug":"presidente-lula-visita-complexo-naval-de-itaguai-e-destaca-investimentos-na-industria-de-defesa","status":"publish","type":"post","link":"https:\/\/www.sincomam.org.br\/index.php\/presidente-lula-visita-complexo-naval-de-itaguai-e-destaca-investimentos-na-industria-de-defesa\/","title":{"rendered":"Presidente Lula visita Complexo Naval de Itagua\u00ed e destaca investimentos na ind\u00fastria de defesa"},"content":{"rendered":"<p>O presidente Luiz In\u00e1cio Lula da Silva visitou nesta quinta-feira (23) o Complexo Naval de Itagua\u00ed, no Rio de Janeiro, onde est\u00e3o sendo constru\u00eddas as embarca\u00e7\u00f5es do Programa de Submarinos da Marinha (Prosub), considerado estrat\u00e9gico. Segundo o assessor-chefe do programa, contra-almirante Luiz Roberto Cavalcanti Valicente, o acordo que deu origem ao Prosub foi assinado com a Fran\u00e7a em 2008, durante o segundo mandato de Lula.<\/p>\n<p><strong>Investimentos na ind\u00fastria de defesa e gera\u00e7\u00e3o de empregos<\/strong><\/p>\n<p class=\" aBigClassNameToAvoidCollisionInText\">Durante a visita, o presidente destacou a import\u00e2ncia dos investimentos na \u00e1rea de defesa para fortalecer a economia brasileira e a gera\u00e7\u00e3o de empregos e renda. Lula defendeu a busca por parcerias p\u00fablico-privadas (PPPs) para viabilizar os investimentos necess\u00e1rios na ind\u00fastria de defesa, que contribui com a economia e prepara as For\u00e7as Armadas e o pa\u00eds com conhecimento cient\u00edfico e tecnol\u00f3gico.<\/p>\n<p><strong>Submarino Humait\u00e1 e or\u00e7amento do Prosub<\/strong><\/p>\n<p>Na visita, Lula conheceu o submarino Humait\u00e1, em fase final de testes no mar e com previs\u00e3o de entrega para as opera\u00e7\u00f5es da Marinha ainda este ano. O Humait\u00e1 \u00e9 o segundo da frota de quatro submarinos convencionais de propuls\u00e3o diesel-el\u00e9trica. Junto a um submarino de propuls\u00e3o nuclear, eles comp\u00f5em o Prosub, cujo or\u00e7amento previsto \u00e9 de R$ 40 bilh\u00f5es, incluindo a constru\u00e7\u00e3o de embarca\u00e7\u00f5es e a infraestrutura do Complexo Naval de Itagua\u00ed.<\/p>\n<p>Fonte: Defesa em Foco<\/p>\n","protected":false},"excerpt":{"rendered":"<p>O presidente Luiz In\u00e1cio Lula da Silva visitou nesta quinta-feira (23) o Complexo Naval de Itagua\u00ed, no Rio de Janeiro, onde est\u00e3o sendo constru\u00eddas as&#8230;<\/p>\n","protected":false},"author":1527,"featured_media":44612,"comment_status":"closed","ping_status":"closed","sticky":false,"template":"","format":"standard","meta":{"footnotes":""},"categories":[6],"tags":[],"class_list":["post-44611","post","type-post","status-publish","format-standard","has-post-thumbnail","hentry","category-noticias"],"_links":{"self":[{"href":"https:\/\/www.sincomam.org.br\/index.php\/wp-json\/wp\/v2\/posts\/44611","targetHints":{"allow":["GET"]}}],"collection":[{"href":"https:\/\/www.sincomam.org.br\/index.php\/wp-json\/wp\/v2\/posts"}],"about":[{"href":"https:\/\/www.sincomam.org.br\/index.php\/wp-json\/wp\/v2\/types\/post"}],"author":[{"embeddable":true,"href":"https:\/\/www.sincomam.org.br\/index.php\/wp-json\/wp\/v2\/users\/1527"}],"replies":[{"embeddable":true,"href":"https:\/\/www.sincomam.org.br\/index.php\/wp-json\/wp\/v2\/comments?post=44611"}],"version-history":[{"count":1,"href":"https:\/\/www.sincomam.org.br\/index.php\/wp-json\/wp\/v2\/posts\/44611\/revisions"}],"predecessor-version":[{"id":44613,"href":"https:\/\/www.sincomam.org.br\/index.php\/wp-json\/wp\/v2\/posts\/44611\/revisions\/44613"}],"wp:featuredmedia":[{"embeddable":true,"href":"https:\/\/www.sincomam.org.br\/index.php\/wp-json\/wp\/v2\/media\/44612"}],"wp:attachment":[{"href":"https:\/\/www.sincomam.org.br\/index.php\/wp-json\/wp\/v2\/media?parent=44611"}],"wp:term":[{"taxonomy":"category","embeddable":true,"href":"https:\/\/www.sincomam.org.br\/index.php\/wp-json\/wp\/v2\/categories?post=44611"},{"taxonomy":"post_tag","embeddable":true,"href":"https:\/\/www.sincomam.org.br\/index.php\/wp-json\/wp\/v2\/tags?post=44611"}],"curies":[{"name":"wp","href":"https:\/\/api.w.org\/{rel}","templated":true}]}}