{"id":4460,"date":"2014-03-25T09:00:18","date_gmt":"2014-03-25T12:00:18","guid":{"rendered":"http:\/\/www.sincomam.org.br\/?p=4460"},"modified":"2014-03-25T11:00:35","modified_gmt":"2014-03-25T14:00:35","slug":"doleiro-pagou-ex-diretor-da-petrobras-por-contratos-de-refinaria-diz-pf","status":"publish","type":"post","link":"https:\/\/www.sincomam.org.br\/index.php\/doleiro-pagou-ex-diretor-da-petrobras-por-contratos-de-refinaria-diz-pf\/","title":{"rendered":"Doleiro pagou ex-diretor da Petrobras por contratos de refinaria, diz PF"},"content":{"rendered":"<p>Investiga\u00e7\u00f5es da Pol\u00edcia Federal apontam que o doleiro Alberto Youssef, alvo da Opera\u00e7\u00e3o Lava Jato, pagou R$ 7,9 milh\u00f5es em propinas para o ex-diretor de Abastecimento da Petrobr\u00e1s, Paulo Roberto Costa, entre 2011 e 2012. De acordo com a PF, os pagamentos estavam &#8220;relacionados a obras da refinaria Abreu e Lima, licitada pela Petrobr\u00e1s na qual o investigado (Costa) teve participa\u00e7\u00e3o&#8221;.<\/p>\n<p>O ex-diretor, indiciado por corrup\u00e7\u00e3o passiva, foi preso em regime tempor\u00e1rio no \u00faltimo dia 19. Ontem, acolhendo pedido formal da PF, a Justi\u00e7a Federal decretou sua pris\u00e3o preventiva \u2013 a menos que consiga obter habeas corpus em algum tribunal, ele ficar\u00e1 preso at\u00e9 a instru\u00e7\u00e3o processual em ju\u00edzo. As informa\u00e7\u00f5es foram publicadas no jornal O Estado de S. Paulo.<\/p>\n<p>Deflagrada h\u00e1 oito dias, a Opera\u00e7\u00e3o Lava Jato desmontou um sofisticado esquema de lavagem de dinheiro que atingiu o montante de R$ 10 bilh\u00f5es. Youssef &#8211; protagonista do esc\u00e2ndalo Banestado, evas\u00e3o de US$ 30 bilh\u00f5es nos anos 1990 &#8211; \u00e9 suspeito de agir em conluio com Costa para desvios de recursos do Minist\u00e9rio da Sa\u00fade e da Petrobras. Os neg\u00f3cios na Petrobras seriam intermediados por Fernando Soares, um lobista conhecido como Fernando Baiano.<\/p>\n<p>Rastreamento promovido pelo Conselho de Controle de Atividades Financeiras (Coaf), \u00f3rg\u00e3o do Minist\u00e9rio da Fazenda que mapeia movimenta\u00e7\u00f5es at\u00edpicas na rede banc\u00e1ria, revela que o doleiro Alberto Youssef efetuou &#8220;pagamentos vultosos, sub-rept\u00edcios e sem causa l\u00edcita&#8221; ao ex-diretor da Petrobr\u00e1s. Os pagamentos ocorreram, segundo planilhas apreendidas pela PF, entre 28 de julho de 2011 e 18 de julho de 2012.<\/p>\n<p>\u201cAs informa\u00e7\u00f5es do Coaf sugerem a exist\u00eancia de uma conta corrente de Costa com o doleiro, al\u00e9m de contas comuns no exterior e a entrega de relat\u00f3rios mensais da posi\u00e7\u00e3o dele com o doleiro\u201d e \u201ccom pagamentos em haver para ele e para terceiros, alguns deles tamb\u00e9m relacionados a neg\u00f3cios envolvendo a Petrobras\u201d, diz a PF.<\/p>\n<p>Em um di\u00e1logo em 21 de outubro de 2013 entre Youssef e o empres\u00e1rio M\u00e1rcio Bonilho, s\u00f3cio propriet\u00e1rio da empresa Sanko Sider Com\u00e9rcio, Importa\u00e7\u00e3o e Exporta\u00e7\u00e3o de Produtos Sider\u00fargicos Ltda., o doleiro faz refer\u00eancia a pagamentos que teria feito a Costa. \u201cO tanto de dinheiro que n\u00f3s demos pra esse cara\u2026 Ele tem coragem de falar que foi prejudicado. P\u00f4, faz conta aqui cacete. Recebi 9 milh\u00e3o em bruto, 20% eu paguei, s\u00e3o 7 e pouco, faz a conta do 7 e pouco, v\u00ea quanto ele levou, v\u00ea quanto o comparsa dele levou, v\u00ea quanto o Paulo Roberto levou, v\u00ea quanto os outro menino levou e v\u00ea quanto sobrou. Vem falar pra mim que t\u00e1 prejudicado. Ah, porra, ningu\u00e9m sabe fazer conta, eu acho que ningu\u00e9m sabe fazer conta nessa porra. Que n\u00e3o \u00e9 poss\u00edvel. A conta s\u00f3 fecha pro lado deles&#8221;, disse, visivelmente irritado.<\/p>\n<p>Para a PF, a converg\u00eancia do valor constante na planilha (R$ 7.950.294,23) com o valor mencionado por Youssef no di\u00e1logo interceptado permite conclus\u00e3o de que tratam do mesmo assunto. Costa deixou a diretoria de Abastecimento da Petrobras em 2012. Ele participou ativamente do pol\u00eamico neg\u00f3cio da compra da refinaria de Pasadena, nos Estados Unidos. Ele ajudou a moldar o contrato ao lado do ex-diretor da \u00e1rea internacional, Nestor Cerver\u00f3.<\/p>\n<p>Fonte: Estad\u00e3o<\/p>\n","protected":false},"excerpt":{"rendered":"<p>Investiga\u00e7\u00f5es da Pol\u00edcia Federal apontam que o doleiro Alberto Youssef, alvo da Opera\u00e7\u00e3o Lava Jato, pagou R$ 7,9 milh\u00f5es em propinas para o ex-diretor de&#8230;<\/p>\n","protected":false},"author":1182,"featured_media":0,"comment_status":"closed","ping_status":"closed","sticky":false,"template":"","format":"standard","meta":{"footnotes":""},"categories":[6],"tags":[812,297,58,415],"class_list":["post-4460","post","type-post","status-publish","format-standard","hentry","category-noticias","tag-doleiro","tag-investigacao","tag-petrobras","tag-policia-federal"],"_links":{"self":[{"href":"https:\/\/www.sincomam.org.br\/index.php\/wp-json\/wp\/v2\/posts\/4460","targetHints":{"allow":["GET"]}}],"collection":[{"href":"https:\/\/www.sincomam.org.br\/index.php\/wp-json\/wp\/v2\/posts"}],"about":[{"href":"https:\/\/www.sincomam.org.br\/index.php\/wp-json\/wp\/v2\/types\/post"}],"author":[{"embeddable":true,"href":"https:\/\/www.sincomam.org.br\/index.php\/wp-json\/wp\/v2\/users\/1182"}],"replies":[{"embeddable":true,"href":"https:\/\/www.sincomam.org.br\/index.php\/wp-json\/wp\/v2\/comments?post=4460"}],"version-history":[{"count":1,"href":"https:\/\/www.sincomam.org.br\/index.php\/wp-json\/wp\/v2\/posts\/4460\/revisions"}],"predecessor-version":[{"id":4461,"href":"https:\/\/www.sincomam.org.br\/index.php\/wp-json\/wp\/v2\/posts\/4460\/revisions\/4461"}],"wp:attachment":[{"href":"https:\/\/www.sincomam.org.br\/index.php\/wp-json\/wp\/v2\/media?parent=4460"}],"wp:term":[{"taxonomy":"category","embeddable":true,"href":"https:\/\/www.sincomam.org.br\/index.php\/wp-json\/wp\/v2\/categories?post=4460"},{"taxonomy":"post_tag","embeddable":true,"href":"https:\/\/www.sincomam.org.br\/index.php\/wp-json\/wp\/v2\/tags?post=4460"}],"curies":[{"name":"wp","href":"https:\/\/api.w.org\/{rel}","templated":true}]}}