{"id":44594,"date":"2023-03-23T09:56:59","date_gmt":"2023-03-23T12:56:59","guid":{"rendered":"http:\/\/www.sincomam.org.br\/?p=44594"},"modified":"2023-03-23T10:02:15","modified_gmt":"2023-03-23T13:02:15","slug":"diretores-da-antaq-realizam-primeira-reuniao-com-secretario-executivo-do-ministerio-de-portos-e-transportes-aquaviarios","status":"publish","type":"post","link":"https:\/\/www.sincomam.org.br\/index.php\/diretores-da-antaq-realizam-primeira-reuniao-com-secretario-executivo-do-ministerio-de-portos-e-transportes-aquaviarios\/","title":{"rendered":"ANTAQ realiza primeira reuni\u00e3o com Minist\u00e9rio de Portos e Transportes Aquavi\u00e1rios"},"content":{"rendered":"<p>A diretoria da Ag\u00eancia Nacional de Transportes Aquavi\u00e1rios (ANTAQ) realizou, uma reuni\u00e3o com o secret\u00e1rio-executivo do Minist\u00e9rio de Portos e Aeroportos, Roberto Gusm\u00e3o.<\/p>\n<p>O encontro teve como objetivo tratar dos atuais arrendamentos existentes e apresentar \u00e1reas com potencial para serem concedidas. A diretoria tamb\u00e9m apresentou ao secret\u00e1rio-executivo os principais investimentos realizados em portos p\u00fablicos e privados no pa\u00eds. Outro t\u00f3pico foi a\u00a0discuss\u00e3o sobre novas a\u00e7\u00f5es e diretrizes conjuntas entre minist\u00e9rio e autarquia para os pr\u00f3ximos meses.<\/p>\n<p>Estiveram presentes na reuni\u00e3o o diretor-geral da ANTAQ, Eduardo Nery, e os diretores Alber Vasconcelos e Caio Farias.<\/p>\n<p>Fonte: Antaq<\/p>\n","protected":false},"excerpt":{"rendered":"<p>A diretoria da Ag\u00eancia Nacional de Transportes Aquavi\u00e1rios (ANTAQ) realizou, uma reuni\u00e3o com o secret\u00e1rio-executivo do Minist\u00e9rio de Portos e Aeroportos, Roberto Gusm\u00e3o. O encontro&#8230;<\/p>\n","protected":false},"author":1527,"featured_media":44595,"comment_status":"closed","ping_status":"closed","sticky":false,"template":"","format":"standard","meta":{"footnotes":""},"categories":[6],"tags":[],"class_list":["post-44594","post","type-post","status-publish","format-standard","has-post-thumbnail","hentry","category-noticias"],"_links":{"self":[{"href":"https:\/\/www.sincomam.org.br\/index.php\/wp-json\/wp\/v2\/posts\/44594","targetHints":{"allow":["GET"]}}],"collection":[{"href":"https:\/\/www.sincomam.org.br\/index.php\/wp-json\/wp\/v2\/posts"}],"about":[{"href":"https:\/\/www.sincomam.org.br\/index.php\/wp-json\/wp\/v2\/types\/post"}],"author":[{"embeddable":true,"href":"https:\/\/www.sincomam.org.br\/index.php\/wp-json\/wp\/v2\/users\/1527"}],"replies":[{"embeddable":true,"href":"https:\/\/www.sincomam.org.br\/index.php\/wp-json\/wp\/v2\/comments?post=44594"}],"version-history":[{"count":2,"href":"https:\/\/www.sincomam.org.br\/index.php\/wp-json\/wp\/v2\/posts\/44594\/revisions"}],"predecessor-version":[{"id":44604,"href":"https:\/\/www.sincomam.org.br\/index.php\/wp-json\/wp\/v2\/posts\/44594\/revisions\/44604"}],"wp:featuredmedia":[{"embeddable":true,"href":"https:\/\/www.sincomam.org.br\/index.php\/wp-json\/wp\/v2\/media\/44595"}],"wp:attachment":[{"href":"https:\/\/www.sincomam.org.br\/index.php\/wp-json\/wp\/v2\/media?parent=44594"}],"wp:term":[{"taxonomy":"category","embeddable":true,"href":"https:\/\/www.sincomam.org.br\/index.php\/wp-json\/wp\/v2\/categories?post=44594"},{"taxonomy":"post_tag","embeddable":true,"href":"https:\/\/www.sincomam.org.br\/index.php\/wp-json\/wp\/v2\/tags?post=44594"}],"curies":[{"name":"wp","href":"https:\/\/api.w.org\/{rel}","templated":true}]}}