{"id":44591,"date":"2023-03-23T09:48:50","date_gmt":"2023-03-23T12:48:50","guid":{"rendered":"http:\/\/www.sincomam.org.br\/?p=44591"},"modified":"2023-03-23T09:48:50","modified_gmt":"2023-03-23T12:48:50","slug":"economia-do-mar-e-tema-de-debate-em-salvador","status":"publish","type":"post","link":"https:\/\/www.sincomam.org.br\/index.php\/economia-do-mar-e-tema-de-debate-em-salvador\/","title":{"rendered":"Economia do Mar \u00e9 tema de debate em Salvador"},"content":{"rendered":"<p class=\"rtejustify\">A Organiza\u00e7\u00e3o das Na\u00e7\u00f5es Unidas (ONU) atingiu, no dia 4 de mar\u00e7o, um acordo para garantir a conserva\u00e7\u00e3o e o uso sustent\u00e1vel da diversidade biol\u00f3gica marinha de \u00e1reas fora das jurisdi\u00e7\u00f5es dos pa\u00edses. \u201cO acordo para prote\u00e7\u00e3o da biodiversidade marinha em \u00e1guas internacionais tem como prop\u00f3sito garantir um oceano mais saud\u00e1vel, resiliente e produtivo\u201d, destacou o secret\u00e1rio-geral da ONU, Ant\u00f3nio Guterres.<\/p>\n<p class=\"rtejustify\">O chamado \u201cTratado do Alto-Mar\u201d tem como meta proteger 30% dos oceanos e foi alcan\u00e7ado ap\u00f3s quase duas d\u00e9cadas de negocia\u00e7\u00f5es, em data bem pr\u00f3xima ao Dia Mundial da \u00c1gua, comemorado hoje (22). Para o secret\u00e1rio-geral, o conjunto de diretrizes \u00e9 um meio essencial para atingir os objetivos, relacionados aos oceanos, que comp\u00f5em a \u201cAgenda 2030 para o Desenvolvimento Sustent\u00e1vel\u201d e visa proteger um ter\u00e7o da biodiversidade do mundo, na terra e no mar, at\u00e9 2030.<\/p>\n<p class=\"rtejustify\">Ainda de acordo com a ONU, 80% das mercadorias comercializadas globalmente s\u00e3o transportadas em navios e, de 2023 a 2027, o com\u00e9rcio mar\u00edtimo global deve crescer uma m\u00e9dia de 2,1%. Essa porcentagem \u00e9 ainda maior nos pa\u00edses em desenvolvimento.<\/p>\n<p class=\"rtejustify\"><strong>Amaz\u00f4nia Azul e a Economia do Mar<\/strong><br \/>\nA Comiss\u00e3o Interministerial para os Recursos do Mar (CIRM) estima que o mar gere R$ 2 trilh\u00f5es por ano ao Brasil, o que representa 19% do Produto Interno Bruto (PIB). O c\u00e1lculo considera a produ\u00e7\u00e3o de petr\u00f3leo e g\u00e1s, a defesa, os portos brasileiros, o transporte mar\u00edtimo, a ind\u00fastria naval, a extra\u00e7\u00e3o de min\u00e9rios, al\u00e9m do petr\u00f3leo, do turismo, da pesca, das festas populares ligadas ao mar e da culin\u00e1ria marinha.<\/p>\n<p class=\"rtejustify\">A Amaz\u00f4nia Azul \u00e9 fonte de alimento, energia e recursos minerais, al\u00e9m de ser a principal via para o com\u00e9rcio exterior. Dados da Ag\u00eancia Nacional de Transportes Aquavi\u00e1rios mostram que o setor portu\u00e1rio movimentou, em 2022, mais de 1,2 bilh\u00e3o de toneladas, montante que representa a segunda maior movimenta\u00e7\u00e3o da hist\u00f3ria portu\u00e1ria brasileira.<\/p>\n<p class=\"rtejustify\"><strong>A Ba\u00eda de Todos os Santos e a Economia do Mar<\/strong><br \/>\nAbordando os aspectos econ\u00f4micos da Amaz\u00f4nia Azul, a Academia de Engenharia da Bahia realizou, no dia 7 de mar\u00e7o, no audit\u00f3rio do Comando do 2\u00b0 Distrito Naval (Com2\u00b0DN), em Salvador, uma s\u00e9rie de palestras com o tema \u201cA Ba\u00eda de Todos os Santos na Economia do Mar do Brasil\u201d.<\/p>\n<p class=\"rtejustify\">O evento, que reuniu aproximadamente 80 pessoas, entre professores, empres\u00e1rios, soamarinos e membros da comunidade mar\u00edtima, serviu para apresentar a janela de oportunidades que est\u00e1 aberta para as atividades econ\u00f4micas ligadas ao mar.<\/p>\n<p class=\"rtejustify\">O primeiro palestrante foi o Doutor Joaci Fonseca de G\u00f3es, Presidente do Instituto Geogr\u00e1fico e Hist\u00f3rico da Bahia, que destacou, em sua apresenta\u00e7\u00e3o, que a Ba\u00eda de Todos os Santos (BTS) \u00e9 a maior ba\u00eda do Brasil e possui enormes possibilidades econ\u00f4micas. \u201cEsta bel\u00edssima ba\u00eda tem uma matriz hist\u00f3rica que nenhuma ba\u00eda do mundo possui. Temos que pensar em todas as potencialidades al\u00e9m do turismo. Existe um mar de oportunidades econ\u00f4micas\u201d, destacou.<\/p>\n<p class=\"rtejustify\">Joaci G\u00f3es afirmou que \u00e9 preciso ter uma proposta concreta de um plano estrat\u00e9gico de desenvolvimento sustent\u00e1vel da regi\u00e3o do rec\u00f4ncavo baiano e da BTS para reaquecer a regi\u00e3o nos cen\u00e1rios ambiental, social e econ\u00f4mico. \u201cTemos que ter um olhar global para o desenvolvimento urbano e regional e para o fortalecimento do transporte mar\u00edtimo, do turismo, da pesca, de nossas marinas e dos esportes n\u00e1uticos. \u00c9 um trabalho de todos aqueles que lidam com os temas mar\u00edtimos\u201d.<\/p>\n<p class=\"rtejustify\">Com o t\u00edtulo \u201cA contribui\u00e7\u00e3o da Marinha do Brasil (MB) para o desenvolvimento da Economia do Mar\u201d, o Vice-Almirante Antonio Carlos Cambra, Comandante do 2\u00b0 Distrito Naval, ressaltou as externalidades positivas proporcionadas pela MB e importantes estudos em curso, como o Planejamento Espacial Marinho, o Grupo-T\u00e9cnico \u201cPIB do Mar\u201d e o livro \u201cEconomia Azul: vetor para o desenvolvimento do Brasil\u201d.<\/p>\n<p class=\"rtejustify\">O Almirante Cambra destacou, tamb\u00e9m, que o vi\u00e9s econ\u00f4mico do mar ser\u00e1 o grande impulsionador da economia dos pa\u00edses litor\u00e2neos. \u201cA Economia do mar \u00e9 o assunto do momento no sistema internacional. O movimento \u00e9 <em>offshore<\/em>, de energia ao alimento. O mar \u00e9 a \u00faltima fronteira. Esse \u00e9 o movimento atual da humanidade\u201d.<\/p>\n<p class=\"rtejustify\">A \u00faltima palestra, realizada pelo diretor do <em>Worldwatch Institute<\/em> (WWI) no Brasil, Eduardo Athayde, abordou, principalmente, os ativos ambientais da BTS, como energia e\u00f3lica, solar e a matriz energ\u00e9tica das mar\u00e9s. As \u00e1guas transparentes, profundas e mornas da BTS guardam imensas riquezas culturais, ambientais e econ\u00f4micas.<\/p>\n<p class=\"rtejustify\">\u201cRelat\u00f3rios da OCDE [Organiza\u00e7\u00e3o para a Coopera\u00e7\u00e3o e Desenvolvimento Econ\u00f4mico] indicam que nove em cada dez investidores est\u00e3o interessados em financiar a economia oce\u00e2nica sustent\u00e1vel como fontes de alimentos, parques e\u00f3licos <em>offshore<\/em>, prospec\u00e7\u00e3o mineral e combust\u00edveis navais carbono zero. A\u00ed est\u00e1 nossa grande oportunidade\u201d, complementou.<\/p>\n<p class=\"rtejustify\">\nFonte: Ag\u00eancia Marinha de Not\u00edcias<\/p>\n","protected":false},"excerpt":{"rendered":"<p>A Organiza\u00e7\u00e3o das Na\u00e7\u00f5es Unidas (ONU) atingiu, no dia 4 de mar\u00e7o, um acordo para garantir a conserva\u00e7\u00e3o e o uso sustent\u00e1vel da diversidade biol\u00f3gica&#8230;<\/p>\n","protected":false},"author":1527,"featured_media":44592,"comment_status":"closed","ping_status":"closed","sticky":false,"template":"","format":"standard","meta":{"footnotes":""},"categories":[6],"tags":[],"class_list":["post-44591","post","type-post","status-publish","format-standard","has-post-thumbnail","hentry","category-noticias"],"_links":{"self":[{"href":"https:\/\/www.sincomam.org.br\/index.php\/wp-json\/wp\/v2\/posts\/44591","targetHints":{"allow":["GET"]}}],"collection":[{"href":"https:\/\/www.sincomam.org.br\/index.php\/wp-json\/wp\/v2\/posts"}],"about":[{"href":"https:\/\/www.sincomam.org.br\/index.php\/wp-json\/wp\/v2\/types\/post"}],"author":[{"embeddable":true,"href":"https:\/\/www.sincomam.org.br\/index.php\/wp-json\/wp\/v2\/users\/1527"}],"replies":[{"embeddable":true,"href":"https:\/\/www.sincomam.org.br\/index.php\/wp-json\/wp\/v2\/comments?post=44591"}],"version-history":[{"count":1,"href":"https:\/\/www.sincomam.org.br\/index.php\/wp-json\/wp\/v2\/posts\/44591\/revisions"}],"predecessor-version":[{"id":44593,"href":"https:\/\/www.sincomam.org.br\/index.php\/wp-json\/wp\/v2\/posts\/44591\/revisions\/44593"}],"wp:featuredmedia":[{"embeddable":true,"href":"https:\/\/www.sincomam.org.br\/index.php\/wp-json\/wp\/v2\/media\/44592"}],"wp:attachment":[{"href":"https:\/\/www.sincomam.org.br\/index.php\/wp-json\/wp\/v2\/media?parent=44591"}],"wp:term":[{"taxonomy":"category","embeddable":true,"href":"https:\/\/www.sincomam.org.br\/index.php\/wp-json\/wp\/v2\/categories?post=44591"},{"taxonomy":"post_tag","embeddable":true,"href":"https:\/\/www.sincomam.org.br\/index.php\/wp-json\/wp\/v2\/tags?post=44591"}],"curies":[{"name":"wp","href":"https:\/\/api.w.org\/{rel}","templated":true}]}}