{"id":44588,"date":"2023-03-23T09:46:49","date_gmt":"2023-03-23T12:46:49","guid":{"rendered":"http:\/\/www.sincomam.org.br\/?p=44588"},"modified":"2023-03-23T09:46:49","modified_gmt":"2023-03-23T12:46:49","slug":"petrobras-elege-membros-da-diretoria-executiva-para-os-proximos-2-anos","status":"publish","type":"post","link":"https:\/\/www.sincomam.org.br\/index.php\/petrobras-elege-membros-da-diretoria-executiva-para-os-proximos-2-anos\/","title":{"rendered":"Petrobras elege membros da diretoria executiva para os pr\u00f3ximos 2 anos"},"content":{"rendered":"<p>A Petrobras divulgou nessa quarta-feira (22) \u00e0 noite os nomes dos novos diretores eleitos pelo Conselho de Administra\u00e7\u00e3o da empresa, com mandato de dois anos at\u00e9 13 de abril\u00a0de 2025.<img decoding=\"async\" src=\"https:\/\/agenciabrasil.ebc.com.br\/ebc.png?id=1518176&amp;o=node\" \/><img decoding=\"async\" src=\"https:\/\/agenciabrasil.ebc.com.br\/ebc.gif?id=1518176&amp;o=node\" \/><\/p>\n<p>S\u00e3o eles Sergio Caetano Leite (diretor executivo financeiro e de Relacionamento com Investidores); Joelson Falc\u00e3o Mendes (Explora\u00e7\u00e3o e Produ\u00e7\u00e3o); Carlos Jos\u00e9 do Nascimento Travassos (Desenvolvimento da Produ\u00e7\u00e3o); Claudio Romeo Schlosser (Comercializa\u00e7\u00e3o e Log\u00edstica); William Fran\u00e7a da Silva (Refino e G\u00e1s Natural); Clarice Coppetti (Relacionamento Institucional e Sustentabilidade) e Carlos Augusto Burgos Barreto (Transforma\u00e7\u00e3o Digital e Inova\u00e7\u00e3o).<\/p>\n<p>O Conselho de Administra\u00e7\u00e3o tamb\u00e9m reconduziu o presidente da companhia, Jean Paul Prates, para novo mandato de dois anos, at\u00e9 abril de 2025.<\/p>\n<p>As indica\u00e7\u00f5es foram submetidas aos procedimentos internos de governan\u00e7a corporativa, incluindo as respectivas an\u00e1lises de conformidade e integridade necess\u00e1rias ao processo sucess\u00f3rio da companhia, o que incluiu a aprecia\u00e7\u00e3o do Comit\u00ea de Pessoas e, em seguida, a delibera\u00e7\u00e3o do Conselho de Administra\u00e7\u00e3o.<\/p>\n<p>Fonte: Ag\u00eancia Brasil<\/p>\n","protected":false},"excerpt":{"rendered":"<p>A Petrobras divulgou nessa quarta-feira (22) \u00e0 noite os nomes dos novos diretores eleitos pelo Conselho de Administra\u00e7\u00e3o da empresa, com mandato de dois anos&#8230;<\/p>\n","protected":false},"author":1527,"featured_media":44589,"comment_status":"closed","ping_status":"closed","sticky":false,"template":"","format":"standard","meta":{"footnotes":""},"categories":[6],"tags":[],"class_list":["post-44588","post","type-post","status-publish","format-standard","has-post-thumbnail","hentry","category-noticias"],"_links":{"self":[{"href":"https:\/\/www.sincomam.org.br\/index.php\/wp-json\/wp\/v2\/posts\/44588","targetHints":{"allow":["GET"]}}],"collection":[{"href":"https:\/\/www.sincomam.org.br\/index.php\/wp-json\/wp\/v2\/posts"}],"about":[{"href":"https:\/\/www.sincomam.org.br\/index.php\/wp-json\/wp\/v2\/types\/post"}],"author":[{"embeddable":true,"href":"https:\/\/www.sincomam.org.br\/index.php\/wp-json\/wp\/v2\/users\/1527"}],"replies":[{"embeddable":true,"href":"https:\/\/www.sincomam.org.br\/index.php\/wp-json\/wp\/v2\/comments?post=44588"}],"version-history":[{"count":1,"href":"https:\/\/www.sincomam.org.br\/index.php\/wp-json\/wp\/v2\/posts\/44588\/revisions"}],"predecessor-version":[{"id":44590,"href":"https:\/\/www.sincomam.org.br\/index.php\/wp-json\/wp\/v2\/posts\/44588\/revisions\/44590"}],"wp:featuredmedia":[{"embeddable":true,"href":"https:\/\/www.sincomam.org.br\/index.php\/wp-json\/wp\/v2\/media\/44589"}],"wp:attachment":[{"href":"https:\/\/www.sincomam.org.br\/index.php\/wp-json\/wp\/v2\/media?parent=44588"}],"wp:term":[{"taxonomy":"category","embeddable":true,"href":"https:\/\/www.sincomam.org.br\/index.php\/wp-json\/wp\/v2\/categories?post=44588"},{"taxonomy":"post_tag","embeddable":true,"href":"https:\/\/www.sincomam.org.br\/index.php\/wp-json\/wp\/v2\/tags?post=44588"}],"curies":[{"name":"wp","href":"https:\/\/api.w.org\/{rel}","templated":true}]}}