{"id":44586,"date":"2023-03-23T09:40:52","date_gmt":"2023-03-23T12:40:52","guid":{"rendered":"http:\/\/www.sincomam.org.br\/?p=44586"},"modified":"2023-03-23T09:40:52","modified_gmt":"2023-03-23T12:40:52","slug":"publicada-edicao-2022-do-caderno-transportes","status":"publish","type":"post","link":"https:\/\/www.sincomam.org.br\/index.php\/publicada-edicao-2022-do-caderno-transportes\/","title":{"rendered":"PUBLICADA EDI\u00c7\u00c3O 2022 DO CADERNO TRANSPORTES"},"content":{"rendered":"<p>O Caderno Transportes 2022 j\u00e1 est\u00e1 no ar. A publica\u00e7\u00e3o sintetiza as realiza\u00e7\u00f5es do ent\u00e3o Minist\u00e9rio da Infraestrutura no \u00faltimo ano, com foco nos modais rodovi\u00e1rio, ferrovi\u00e1rio, a\u00e9reo e aquavi\u00e1rio. O objetivo \u00e9 dar transpar\u00eancia \u00e0s a\u00e7\u00f5es e investimentos no setor, al\u00e9m de mostrar os resultados alcan\u00e7ados em termos de planejamento, parcerias de investimentos e presta\u00e7\u00e3o de servi\u00e7os. Editado anualmente, o Caderno possibilita a avalia\u00e7\u00e3o de resultados para formula\u00e7\u00e3o de novas diretrizes e pol\u00edticas p\u00fablicas relativas \u00e0 infraestrutura de transportes no pa\u00eds, tornando o setor mais eficiente e seguro para os brasileiros.<\/p>\n<p><a class=\"external-link\" title=\"\" href=\"https:\/\/www.gov.br\/infraestrutura\/pt-br\/assuntos\/dados-de-transportes\/bit\/publicacoes-1\/Transportes2022_web.pdf\" target=\"_blank\" rel=\"noopener\" data-tippreview-enabled=\"false\" data-tippreview-image=\"\" data-tippreview-title=\"\">Confira a \u00edntegra desta edi\u00e7\u00e3o<\/a><\/p>\n<p>Com a decis\u00e3o do presidente Luiz In\u00e1cio Lula da Silva de recriar o Minist\u00e9rio dos Transportes, o foco da pr\u00f3xima edi\u00e7\u00e3o ser\u00e1 os setores ferrovi\u00e1rio, rodovi\u00e1rio e as pol\u00edticas p\u00fablicas de tr\u00e2nsito, recompondo a import\u00e2ncia estrat\u00e9gica das vias terrestres para a log\u00edstica nacional e a recupera\u00e7\u00e3o da economia. \u201cCom a recupera\u00e7\u00e3o da capacidade de investimento pelo Estado, estaremos em condi\u00e7\u00f5es de modernizar a log\u00edstica nacional de transportes, reduzindo custos e contribuindo para aumentar a competitividade do setor produtivo\u201d, diz trecho da introdu\u00e7\u00e3o do Caderno.<\/p>\n<p>Fonte: Informativo dos Portos<\/p>\n","protected":false},"excerpt":{"rendered":"<p>O Caderno Transportes 2022 j\u00e1 est\u00e1 no ar. A publica\u00e7\u00e3o sintetiza as realiza\u00e7\u00f5es do ent\u00e3o Minist\u00e9rio da Infraestrutura no \u00faltimo ano, com foco nos modais&#8230;<\/p>\n","protected":false},"author":1527,"featured_media":44428,"comment_status":"closed","ping_status":"closed","sticky":false,"template":"","format":"standard","meta":{"footnotes":""},"categories":[6],"tags":[],"class_list":["post-44586","post","type-post","status-publish","format-standard","has-post-thumbnail","hentry","category-noticias"],"_links":{"self":[{"href":"https:\/\/www.sincomam.org.br\/index.php\/wp-json\/wp\/v2\/posts\/44586","targetHints":{"allow":["GET"]}}],"collection":[{"href":"https:\/\/www.sincomam.org.br\/index.php\/wp-json\/wp\/v2\/posts"}],"about":[{"href":"https:\/\/www.sincomam.org.br\/index.php\/wp-json\/wp\/v2\/types\/post"}],"author":[{"embeddable":true,"href":"https:\/\/www.sincomam.org.br\/index.php\/wp-json\/wp\/v2\/users\/1527"}],"replies":[{"embeddable":true,"href":"https:\/\/www.sincomam.org.br\/index.php\/wp-json\/wp\/v2\/comments?post=44586"}],"version-history":[{"count":1,"href":"https:\/\/www.sincomam.org.br\/index.php\/wp-json\/wp\/v2\/posts\/44586\/revisions"}],"predecessor-version":[{"id":44587,"href":"https:\/\/www.sincomam.org.br\/index.php\/wp-json\/wp\/v2\/posts\/44586\/revisions\/44587"}],"wp:featuredmedia":[{"embeddable":true,"href":"https:\/\/www.sincomam.org.br\/index.php\/wp-json\/wp\/v2\/media\/44428"}],"wp:attachment":[{"href":"https:\/\/www.sincomam.org.br\/index.php\/wp-json\/wp\/v2\/media?parent=44586"}],"wp:term":[{"taxonomy":"category","embeddable":true,"href":"https:\/\/www.sincomam.org.br\/index.php\/wp-json\/wp\/v2\/categories?post=44586"},{"taxonomy":"post_tag","embeddable":true,"href":"https:\/\/www.sincomam.org.br\/index.php\/wp-json\/wp\/v2\/tags?post=44586"}],"curies":[{"name":"wp","href":"https:\/\/api.w.org\/{rel}","templated":true}]}}