{"id":4458,"date":"2014-03-25T10:50:58","date_gmt":"2014-03-25T13:50:58","guid":{"rendered":"http:\/\/www.sincomam.org.br\/?p=4458"},"modified":"2014-03-25T10:50:58","modified_gmt":"2014-03-25T13:50:58","slug":"governo-autoriza-r-15-bi-para-terminal-portuario-no-es","status":"publish","type":"post","link":"https:\/\/www.sincomam.org.br\/index.php\/governo-autoriza-r-15-bi-para-terminal-portuario-no-es\/","title":{"rendered":"Governo autoriza R$ 1,5 bi para terminal portu\u00e1rio no ES"},"content":{"rendered":"<p><b><i>O projeto prev\u00ea a movimenta\u00e7\u00e3o de 25 milh\u00f5es de toneladas de gran\u00e9is s\u00f3lidos ao ano. A informa\u00e7\u00e3o foi divulgada hoje pela Secretaria de Portos<\/i><\/b><\/p>\n<p>O governo autorizou nesta sexta-feira, 28 um investimento de R$ 1,5 bilh\u00e3o em um terminal portu\u00e1rio privado em Linhares (ES), da empresa Manabi Log\u00edstica.<\/p>\n<p>O projeto prev\u00ea a movimenta\u00e7\u00e3o de 25 milh\u00f5es de toneladas de gran\u00e9is s\u00f3lidos ao ano. A informa\u00e7\u00e3o foi divulgada hoje pela Secretaria de Portos. Com isso, chega a 14 o total de novos terminais privados cuja instala\u00e7\u00e3o foi autorizada ap\u00f3s a aprova\u00e7\u00e3o do marco regulat\u00f3rio dos portos, no ano passado.<\/p>\n<p>Al\u00e9m desses, foi autorizada no ano passado a amplia\u00e7\u00e3o do terminal da Ultraf\u00e9rtil no Porto de Santos (SP), um empreendimento de R$ 2,2 bilh\u00f5es.<\/p>\n<p>Os investimentos previstos nesses novos terminais se aproximam dos R$ 8 bilh\u00f5es. H\u00e1 ainda outros 50 projetos em processo de an\u00e1lise, que somam R$ 7,28 bilh\u00f5es. A inten\u00e7\u00e3o, segundo informou a Secretaria, \u00e9 que a autoriza\u00e7\u00e3o de novos empreendimentos seja um processo cont\u00ednuo.<\/p>\n<p>O bom andamento dos portos privados contrasta com as licita\u00e7\u00f5es de \u00e1reas em portos p\u00fablicos, que s\u00e3o alvo de disputas jur\u00eddicas e pol\u00edticas e que est\u00e3o pendentes de decis\u00e3o do Tribunal de Contas da Uni\u00e3o (TCU).<\/p>\n<p>No ano passado, a corte de contas aprovou relat\u00f3rio da ministra Ana Arraes que fez uma s\u00e9rie de restri\u00e7\u00f5es ao primeiro lote de licita\u00e7\u00f5es, que envolve os arrendamentos de \u00e1rea nos portos de Santos do Par\u00e1.<\/p>\n<p>Fonte: Valor \/ Estad\u00e3o Conte\u00fado &#8211; Lu Aiko Otta<\/p>\n","protected":false},"excerpt":{"rendered":"<p>O projeto prev\u00ea a movimenta\u00e7\u00e3o de 25 milh\u00f5es de toneladas de gran\u00e9is s\u00f3lidos ao ano. A informa\u00e7\u00e3o foi divulgada hoje pela Secretaria de Portos O&#8230;<\/p>\n","protected":false},"author":1182,"featured_media":3597,"comment_status":"closed","ping_status":"closed","sticky":false,"template":"","format":"standard","meta":{"footnotes":""},"categories":[6],"tags":[252,192,80],"class_list":["post-4458","post","type-post","status-publish","format-standard","has-post-thumbnail","hentry","category-noticias","tag-espirito-santo","tag-governo","tag-porto"],"_links":{"self":[{"href":"https:\/\/www.sincomam.org.br\/index.php\/wp-json\/wp\/v2\/posts\/4458","targetHints":{"allow":["GET"]}}],"collection":[{"href":"https:\/\/www.sincomam.org.br\/index.php\/wp-json\/wp\/v2\/posts"}],"about":[{"href":"https:\/\/www.sincomam.org.br\/index.php\/wp-json\/wp\/v2\/types\/post"}],"author":[{"embeddable":true,"href":"https:\/\/www.sincomam.org.br\/index.php\/wp-json\/wp\/v2\/users\/1182"}],"replies":[{"embeddable":true,"href":"https:\/\/www.sincomam.org.br\/index.php\/wp-json\/wp\/v2\/comments?post=4458"}],"version-history":[{"count":1,"href":"https:\/\/www.sincomam.org.br\/index.php\/wp-json\/wp\/v2\/posts\/4458\/revisions"}],"predecessor-version":[{"id":4459,"href":"https:\/\/www.sincomam.org.br\/index.php\/wp-json\/wp\/v2\/posts\/4458\/revisions\/4459"}],"wp:featuredmedia":[{"embeddable":true,"href":"https:\/\/www.sincomam.org.br\/index.php\/wp-json\/wp\/v2\/media\/3597"}],"wp:attachment":[{"href":"https:\/\/www.sincomam.org.br\/index.php\/wp-json\/wp\/v2\/media?parent=4458"}],"wp:term":[{"taxonomy":"category","embeddable":true,"href":"https:\/\/www.sincomam.org.br\/index.php\/wp-json\/wp\/v2\/categories?post=4458"},{"taxonomy":"post_tag","embeddable":true,"href":"https:\/\/www.sincomam.org.br\/index.php\/wp-json\/wp\/v2\/tags?post=4458"}],"curies":[{"name":"wp","href":"https:\/\/api.w.org\/{rel}","templated":true}]}}