{"id":44571,"date":"2023-03-22T08:50:26","date_gmt":"2023-03-22T11:50:26","guid":{"rendered":"http:\/\/www.sincomam.org.br\/?p=44571"},"modified":"2023-03-22T08:50:50","modified_gmt":"2023-03-22T11:50:50","slug":"vale-refeicao-dura-11-dias-do-mes-diz-pesquisa","status":"publish","type":"post","link":"https:\/\/www.sincomam.org.br\/index.php\/vale-refeicao-dura-11-dias-do-mes-diz-pesquisa\/","title":{"rendered":"Vale-Refei\u00e7\u00e3o Dura 11 Dias Do M\u00eas, Diz Pesquisa"},"content":{"rendered":"<p>As novas regras do vale-alimenta\u00e7\u00e3o e refei\u00e7\u00e3o est\u00e3o baseadas em quatro pontos principais:<\/p>\n<ul>\n<li>Exclusividade na compra de alimentos;<\/li>\n<li>Troca da bandeira do cart\u00e3o;<\/li>\n<li>Utiliza\u00e7\u00e3o em qualquer estabelecimento;<\/li>\n<li>Fim dos descontos para empresas.<\/li>\n<\/ul>\n<p>As novas regras estabelecem que os benef\u00edcios de alimenta\u00e7\u00e3o e refei\u00e7\u00e3o devem ser utilizados exclusivamente para o pagamento de alimentos.<\/p>\n<div id=\"jorna-257787420\" class=\"jorna-conteudo_2\">\n<div>O trabalhador que tem acesso ao Vale- alimenta\u00e7\u00e3o ou refei\u00e7\u00e3o, s\u00f3 consegue se beneficiar por 11 dias no pa\u00eds. No ano passado, em 2022 o cr\u00e9dito durava 13 dias. Conforme mostrou um levantamento realizado pela Sodexo Benef\u00edcios e Incentivos.<\/div>\n<\/div>\n<p>De acordo com a empresa, os grandes vil\u00f5es para isso acontecer s\u00e3o a infla\u00e7\u00e3o e a alta do juros, que acabam causando a deteriora\u00e7\u00e3o do poder de compra do benef\u00edcio.<\/p>\n<p>As empresas consideram, em m\u00e9dia, cerca de 22 dias para o dep\u00f3sito do cr\u00e9dito. Isso significa que o trabalhador tem pagado por conta pr\u00f3pria metade das refei\u00e7\u00f5es que realiza durante o m\u00eas.<\/p>\n<h2 id=\"h-mudanca-nas-escolhas\">Mudan\u00e7a nas escolhas<\/h2>\n<p>Isso significa uma mudan\u00e7a no comportamento do trabalhador, que segundo a pesquisa, ele passou a fazer escolhas \u201cmais baratas\u201d ao se alimentar nos intervalos de sua atividade. Consumindo uma alimenta\u00e7\u00e3o pouco saud\u00e1vel. O trabalhador come\u00e7ou a consumir mais sandu\u00edches, salgados e at\u00e9 mesmo shakes.<\/p>\n<p>Para que o levantamento fosse realizado, a empresa considerou R$ 40,64 como valor m\u00e9dio pago por um trabalhador para a alimenta\u00e7\u00e3o no quilo. A refer\u00eancia \u00e9 o \u00faltimo balan\u00e7o divulgado pela Associa\u00e7\u00e3o Brasileira das Empresas de Benef\u00edcios ao Trabalhador (ABBT).<\/p>\n<h2>Dura\u00e7\u00e3o do benef\u00edcio nas regi\u00f5es<\/h2>\n<p>A pesquisa mostrou que nas regi\u00f5es do pa\u00eds, o trabalhador n\u00e3o tem conseguido usar o benef\u00edcio por 30 dias:<\/p>\n<p><strong>No Sul:<\/strong>\u00a011 dias<\/p>\n<p><strong>No Sudeste:\u00a0<\/strong>12 dias<\/p>\n<p><strong>No Centro-Oeste:\u00a0<\/strong>12 dias<\/p>\n<p><strong>No Nordeste:\u00a0<\/strong>11 dias<\/p>\n<p><strong>No Norte:<\/strong>\u00a011 dias<\/p>\n<p>A Sodexo revelou que as empresas de todos os tamanhos elevaram o valor do vale-refei\u00e7\u00e3o este ano, mas que a mudan\u00e7a n\u00e3o foi capaz de acompanhar os aumentos sucessivos nos pre\u00e7os de refei\u00e7\u00f5es fora de casa.<\/p>\n<h2>Troca da bandeira do cart\u00e3o<\/h2>\n<p>O trabalhador que queira trocar a bandeira do seu cart\u00e3o do Vale-Alimenta\u00e7\u00e3o e Vale Refei\u00e7\u00e3o, poder\u00e1 fazer uma portabilidade. A solicita\u00e7\u00e3o \u00e9 gratuita entre os planos.<\/p>\n<p>Por exemplo, uma pessoa com vale da bandeira Alelo poder\u00e1 trocar pela bandeira Sodexo se assim quiser gratuitamente.<\/p>\n<div id=\"wpdevar_comment_1\">\n<div class=\"fb-comments\" data-href=\"https:\/\/www.jornalcontabil.com.br\/vale-refeicao-dura-11-dias-do-mes-diz-pesquisa\/\" data-order-by=\"social\" data-numposts=\"5\" data-width=\"100%\">Fonte: Jornal Cont\u00e1bil<\/div>\n<\/div>\n<div id=\"jorna-1094535483\" class=\"jorna-amp-teads-depois-do-conteudo\"><\/div>\n<div id=\"jorna-957618341\" class=\"jorna-depois-do-conteudo_3\">\n<div id=\"taboola-below-article-thumbnails\" class=\" trc_related_container trc_spotlight_widget tbl-feed-container tbl-feed-frame-DIVIDER render-late-effect\" data-feed-container-num=\"1\" data-feed-main-container-id=\"taboola-below-article-thumbnails\" data-parent-placement-name=\"Below Article Thumbnails\" data-pub-lang=\"pt\">\n<div class=\"tbl-feed-header-logo\"><\/div>\n<\/div>\n<\/div>\n","protected":false},"excerpt":{"rendered":"<p>As novas regras do vale-alimenta\u00e7\u00e3o e refei\u00e7\u00e3o est\u00e3o baseadas em quatro pontos principais: Exclusividade na compra de alimentos; Troca da bandeira do cart\u00e3o; Utiliza\u00e7\u00e3o em&#8230;<\/p>\n","protected":false},"author":1527,"featured_media":44572,"comment_status":"closed","ping_status":"closed","sticky":false,"template":"","format":"standard","meta":{"footnotes":""},"categories":[6],"tags":[],"class_list":["post-44571","post","type-post","status-publish","format-standard","has-post-thumbnail","hentry","category-noticias"],"_links":{"self":[{"href":"https:\/\/www.sincomam.org.br\/index.php\/wp-json\/wp\/v2\/posts\/44571","targetHints":{"allow":["GET"]}}],"collection":[{"href":"https:\/\/www.sincomam.org.br\/index.php\/wp-json\/wp\/v2\/posts"}],"about":[{"href":"https:\/\/www.sincomam.org.br\/index.php\/wp-json\/wp\/v2\/types\/post"}],"author":[{"embeddable":true,"href":"https:\/\/www.sincomam.org.br\/index.php\/wp-json\/wp\/v2\/users\/1527"}],"replies":[{"embeddable":true,"href":"https:\/\/www.sincomam.org.br\/index.php\/wp-json\/wp\/v2\/comments?post=44571"}],"version-history":[{"count":1,"href":"https:\/\/www.sincomam.org.br\/index.php\/wp-json\/wp\/v2\/posts\/44571\/revisions"}],"predecessor-version":[{"id":44573,"href":"https:\/\/www.sincomam.org.br\/index.php\/wp-json\/wp\/v2\/posts\/44571\/revisions\/44573"}],"wp:featuredmedia":[{"embeddable":true,"href":"https:\/\/www.sincomam.org.br\/index.php\/wp-json\/wp\/v2\/media\/44572"}],"wp:attachment":[{"href":"https:\/\/www.sincomam.org.br\/index.php\/wp-json\/wp\/v2\/media?parent=44571"}],"wp:term":[{"taxonomy":"category","embeddable":true,"href":"https:\/\/www.sincomam.org.br\/index.php\/wp-json\/wp\/v2\/categories?post=44571"},{"taxonomy":"post_tag","embeddable":true,"href":"https:\/\/www.sincomam.org.br\/index.php\/wp-json\/wp\/v2\/tags?post=44571"}],"curies":[{"name":"wp","href":"https:\/\/api.w.org\/{rel}","templated":true}]}}