{"id":44568,"date":"2023-03-22T08:48:30","date_gmt":"2023-03-22T11:48:30","guid":{"rendered":"http:\/\/www.sincomam.org.br\/?p=44568"},"modified":"2023-03-22T08:48:30","modified_gmt":"2023-03-22T11:48:30","slug":"ccr-barcas-retoma-horarios-regulares-de-2019-entre-cocota-e-praca-xv","status":"publish","type":"post","link":"https:\/\/www.sincomam.org.br\/index.php\/ccr-barcas-retoma-horarios-regulares-de-2019-entre-cocota-e-praca-xv\/","title":{"rendered":"CCR Barcas retoma hor\u00e1rios regulares de 2019 entre Cocot\u00e1 e Pra\u00e7a XV"},"content":{"rendered":"<div class=\"dynamic-container bg d-article-text\">\n<div class=\"text\">\n<div>\n<p>Os hor\u00e1rios regulares que eram praticados em 2019 entre Cocot\u00e1 e Pra\u00e7a XV foram retomados pela CCR Barcas. A normaliza\u00e7\u00e3o da grade estava prevista no acordo celebrado entre o Governo do Estado e a concession\u00e1ria para a continuidade do servi\u00e7o por at\u00e9 dois anos.<\/p>\n<\/div>\n<\/div>\n<\/div>\n<div class=\"dynamic-container bg d-article-text\">\n<div>A primeira viagem parte \u00e0s 7h, de Cocot\u00e1, na Ilha do Governador. A \u00faltima embarca\u00e7\u00e3o sai da Pra\u00e7a XV \u00e0s 19h50.<\/div>\n<div><\/div>\n<\/div>\n<div>Na semana passada, a grade regular dos hor\u00e1rios da linha Paquet\u00e1, inclusive aos fins de semana e feriados, tamb\u00e9m foi retomada. Os passageiros voltaram a contar com 22 viagens, como era realizado antes da pandemia de Covid-19, e 25 partidas nos fins de semana e feriados.<\/div>\n<div><\/div>\n<div>Fonte&gt; BandNews<\/div>\n","protected":false},"excerpt":{"rendered":"<p>Os hor\u00e1rios regulares que eram praticados em 2019 entre Cocot\u00e1 e Pra\u00e7a XV foram retomados pela CCR Barcas. A normaliza\u00e7\u00e3o da grade estava prevista no&#8230;<\/p>\n","protected":false},"author":1527,"featured_media":44569,"comment_status":"closed","ping_status":"closed","sticky":false,"template":"","format":"standard","meta":{"footnotes":""},"categories":[6],"tags":[],"class_list":["post-44568","post","type-post","status-publish","format-standard","has-post-thumbnail","hentry","category-noticias"],"_links":{"self":[{"href":"https:\/\/www.sincomam.org.br\/index.php\/wp-json\/wp\/v2\/posts\/44568","targetHints":{"allow":["GET"]}}],"collection":[{"href":"https:\/\/www.sincomam.org.br\/index.php\/wp-json\/wp\/v2\/posts"}],"about":[{"href":"https:\/\/www.sincomam.org.br\/index.php\/wp-json\/wp\/v2\/types\/post"}],"author":[{"embeddable":true,"href":"https:\/\/www.sincomam.org.br\/index.php\/wp-json\/wp\/v2\/users\/1527"}],"replies":[{"embeddable":true,"href":"https:\/\/www.sincomam.org.br\/index.php\/wp-json\/wp\/v2\/comments?post=44568"}],"version-history":[{"count":1,"href":"https:\/\/www.sincomam.org.br\/index.php\/wp-json\/wp\/v2\/posts\/44568\/revisions"}],"predecessor-version":[{"id":44570,"href":"https:\/\/www.sincomam.org.br\/index.php\/wp-json\/wp\/v2\/posts\/44568\/revisions\/44570"}],"wp:featuredmedia":[{"embeddable":true,"href":"https:\/\/www.sincomam.org.br\/index.php\/wp-json\/wp\/v2\/media\/44569"}],"wp:attachment":[{"href":"https:\/\/www.sincomam.org.br\/index.php\/wp-json\/wp\/v2\/media?parent=44568"}],"wp:term":[{"taxonomy":"category","embeddable":true,"href":"https:\/\/www.sincomam.org.br\/index.php\/wp-json\/wp\/v2\/categories?post=44568"},{"taxonomy":"post_tag","embeddable":true,"href":"https:\/\/www.sincomam.org.br\/index.php\/wp-json\/wp\/v2\/tags?post=44568"}],"curies":[{"name":"wp","href":"https:\/\/api.w.org\/{rel}","templated":true}]}}