{"id":44541,"date":"2023-03-21T10:09:17","date_gmt":"2023-03-21T13:09:17","guid":{"rendered":"http:\/\/www.sincomam.org.br\/?p=44541"},"modified":"2023-03-21T10:09:17","modified_gmt":"2023-03-21T13:09:17","slug":"travessia-de-barcas-no-litoral-de-sp-passara-por-restauracao-completa-diz-secretaria","status":"publish","type":"post","link":"https:\/\/www.sincomam.org.br\/index.php\/travessia-de-barcas-no-litoral-de-sp-passara-por-restauracao-completa-diz-secretaria\/","title":{"rendered":"Travessia de barcas no litoral de SP passar\u00e1 por &#8216;restaura\u00e7\u00e3o completa&#8217;, diz secret\u00e1ria"},"content":{"rendered":"<div class=\"p-article\">\n<p>Os terminais de passageiros da travessia de barcas entre o distrito de Vicente de Carvalho, em Guaruj\u00e1, e Santos passar\u00e3o por revitaliza\u00e7\u00e3o nas estruturas. O an\u00fancio foi feito pela secret\u00e1ria estadual de Meio Ambiente, Infraestrutura e Log\u00edstica, Nat\u00e1lia Resende, que visitou o lado guarujaense nesta segunda-feira (20).<\/p>\n<\/div>\n<div class=\"p-article\">\n<p>A secret\u00e1ria explicou que o primeiro edital foi lan\u00e7ado na semana passada e vai receber propostas no dia 18 de abril, visando a reforma do terminal de Vicente de Carvalho. A inten\u00e7\u00e3o \u00e9 reform\u00e1-lo completamente, incluindo piso, flutuante, passarela, parte superior, banheiros, ilumina\u00e7\u00e3o, entre outros pontos. N\u00e3o haver\u00e1 interrup\u00e7\u00e3o da travessia durante as obras.<\/p>\n<\/div>\n<p>&#8220;Vai ser uma restaura\u00e7\u00e3o completa. Se a gente olhar de perto, tem que restaurar completamente, fazer acessibilidade, garantir acesso a todos. A gente j\u00e1 lan\u00e7ou edital na semana passada, com a apresenta\u00e7\u00e3o de propostas no dia 18 e 19 de abril, com previs\u00e3o no in\u00edcio de junho para a parte de flutuante e passarela, e para parte de Santos tamb\u00e9m, do terminal de passageiros&#8221;, explicou.<\/p>\n<p>A data de 19 de abril ser\u00e1 reservada a propostas de licita\u00e7\u00e3o para a reforma do terminal de Santos. Segundo Nat\u00e1lia, o cronograma prev\u00ea oito meses de dura\u00e7\u00e3o das obras, a partir do in\u00edcio, que est\u00e1 previsto para junho. As obras nos dois terminais t\u00eam custo estimado em cerca de R$ 19 milh\u00f5es.<\/p>\n<p>&#8220;A gente vai fazer aqui uma reformula\u00e7\u00e3o total do flutuante, da passarela, garantir estruturas mais resilientes e com mais qualidade para a popula\u00e7\u00e3o&#8221;, destacou.<\/p>\n<div class=\"p-article\">\n<p><b>Concess\u00e3o do servi\u00e7o<\/b><\/p>\n<\/div>\n<p>No ano passado, o Governo de S\u00e3o Paulo, sob gest\u00e3o anterior, planejou conceder todas as travessias litor\u00e2neas para a iniciativa privada. Entretanto, o leil\u00e3o, que estava previsto para mar\u00e7o, n\u00e3o aconteceu devido \u00e0 press\u00e3o de prefeitos da regi\u00e3o.<\/p>\n<p>A reclama\u00e7\u00e3o se deu em rela\u00e7\u00e3o a um poss\u00edvel reajuste de 50% no valor da tarifa. Os prefeitos de Santos, Rog\u00e9rio Santos, e de Guaruj\u00e1, V\u00e1lter Suman, cobraram maior participa\u00e7\u00e3o dos munic\u00edpios na discuss\u00e3o do projeto, bem como um programa de subs\u00eddio do Estado para que a tarifa n\u00e3o dispare.<\/p>\n<p>Nat\u00e1lia Resende ressaltou que o Estado pretende realizar uma &#8220;concess\u00e3o patrocinada&#8221; do servi\u00e7o de travessias \u00e0 iniciativa privada, mas com aporte do governo para manter a tarifa em um valor adequado. A ideia \u00e9 semelhante ao que ocorre com a Ecovias, concession\u00e1ria que opera o Sistema Anchieta-Imigrantes de rodovias, mas com as devidas adapta\u00e7\u00f5es para o sistema de balsas e barcas.<\/p>\n<p>&#8220;A gente j\u00e1 iniciou os estudos, j\u00e1 qualificamos nosso programa de parcerias do Estado. Aqui a gente t\u00e1 falando de uma concess\u00e3o patrocinada. A gente chama o privado para ajudar o Estado a prestar com mais qualidade e efici\u00eancia esse servi\u00e7o. O Estado entra com aporte em conjunto com uma tarifa justa para o usu\u00e1rio. A gente quer que nesse ano ou ano que vem a gente j\u00e1 consiga fazer a licita\u00e7\u00e3o ou edital&#8221;, declarou a secret\u00e1ria.<\/p>\n<p>Fonte: A Tribuna<\/p>\n","protected":false},"excerpt":{"rendered":"<p>Os terminais de passageiros da travessia de barcas entre o distrito de Vicente de Carvalho, em Guaruj\u00e1, e Santos passar\u00e3o por revitaliza\u00e7\u00e3o nas estruturas. O&#8230;<\/p>\n","protected":false},"author":1527,"featured_media":44545,"comment_status":"closed","ping_status":"closed","sticky":false,"template":"","format":"standard","meta":{"footnotes":""},"categories":[6],"tags":[],"class_list":["post-44541","post","type-post","status-publish","format-standard","has-post-thumbnail","hentry","category-noticias"],"_links":{"self":[{"href":"https:\/\/www.sincomam.org.br\/index.php\/wp-json\/wp\/v2\/posts\/44541","targetHints":{"allow":["GET"]}}],"collection":[{"href":"https:\/\/www.sincomam.org.br\/index.php\/wp-json\/wp\/v2\/posts"}],"about":[{"href":"https:\/\/www.sincomam.org.br\/index.php\/wp-json\/wp\/v2\/types\/post"}],"author":[{"embeddable":true,"href":"https:\/\/www.sincomam.org.br\/index.php\/wp-json\/wp\/v2\/users\/1527"}],"replies":[{"embeddable":true,"href":"https:\/\/www.sincomam.org.br\/index.php\/wp-json\/wp\/v2\/comments?post=44541"}],"version-history":[{"count":1,"href":"https:\/\/www.sincomam.org.br\/index.php\/wp-json\/wp\/v2\/posts\/44541\/revisions"}],"predecessor-version":[{"id":44546,"href":"https:\/\/www.sincomam.org.br\/index.php\/wp-json\/wp\/v2\/posts\/44541\/revisions\/44546"}],"wp:featuredmedia":[{"embeddable":true,"href":"https:\/\/www.sincomam.org.br\/index.php\/wp-json\/wp\/v2\/media\/44545"}],"wp:attachment":[{"href":"https:\/\/www.sincomam.org.br\/index.php\/wp-json\/wp\/v2\/media?parent=44541"}],"wp:term":[{"taxonomy":"category","embeddable":true,"href":"https:\/\/www.sincomam.org.br\/index.php\/wp-json\/wp\/v2\/categories?post=44541"},{"taxonomy":"post_tag","embeddable":true,"href":"https:\/\/www.sincomam.org.br\/index.php\/wp-json\/wp\/v2\/tags?post=44541"}],"curies":[{"name":"wp","href":"https:\/\/api.w.org\/{rel}","templated":true}]}}