{"id":44533,"date":"2023-03-21T09:24:42","date_gmt":"2023-03-21T12:24:42","guid":{"rendered":"http:\/\/www.sincomam.org.br\/?p=44533"},"modified":"2023-03-21T09:24:42","modified_gmt":"2023-03-21T12:24:42","slug":"presidente-visita-o-complexo-naval-de-itaguai-para-acompanhar-o-andamento-de-prosub","status":"publish","type":"post","link":"https:\/\/www.sincomam.org.br\/index.php\/presidente-visita-o-complexo-naval-de-itaguai-para-acompanhar-o-andamento-de-prosub\/","title":{"rendered":"Presidente visita o Complexo Naval de Itagua\u00ed para acompanhar o andamento de PROSUB"},"content":{"rendered":"<p>O presidente Luiz In\u00e1cio Lula da Silva visitar\u00e1, na pr\u00f3xima quinta-feira (23), as instala\u00e7\u00f5es do Prosub (Programa de Desenvolvimento de Submarinos) em Itagua\u00ed, litoral sul do estado do Rio de Janeiro. O objetivo \u00e9 acompanhar o est\u00e1gio de desenvolvimento do projeto, que foi criado em 2008 ap\u00f3s acordo de transfer\u00eancia tecnol\u00f3gica com a Fran\u00e7a. A visita ocorre ap\u00f3s uma reuni\u00e3o entre Lula, o almirante de esquadra Marcos Sampaio Olsen, comandante da Marinha do Brasil, e demais representantes do alto comando da for\u00e7a naval, realizada em Bras\u00edlia.<\/p>\n<p><strong>Incentivo ao turismo e visita\u00e7\u00e3o p\u00fablica<\/strong><\/p>\n<p class=\" aBigClassNameToAvoidCollisionInText\">Os setores ligados ao turismo em Itagua\u00ed esperam que a Marinha anuncie um projeto que incentive a visita\u00e7\u00e3o p\u00fablica \u00e0s instala\u00e7\u00f5es do Prosub, similar ao que ocorre no Kennedy Space Center, na Fl\u00f3rida, onde turistas podem realizar um tour dentro das instala\u00e7\u00f5es de lan\u00e7amentos de foguetes. A iniciativa tem como objetivo mostrar aos contribuintes e visitantes estrangeiros um pouco da hist\u00f3ria e dos investimentos tecnol\u00f3gicos dos EUA.<\/p>\n<p><strong>Avan\u00e7os e desafios do Prosub<\/strong><\/p>\n<p>O Prosub j\u00e1 entregou o primeiro submarino convencional, o S40 Riachuelo, que entrou em opera\u00e7\u00e3o em setembro passado. Al\u00e9m dele, outros tr\u00eas submarinos convencionais est\u00e3o em diferentes est\u00e1gios de constru\u00e7\u00e3o ou testes: S41 Humait\u00e1, S42 Tonelero e S43 Angostura. Entretanto, o Submarino de Propuls\u00e3o Nuclear \u201c\u00c1lvaro Alberto\u201d enfrenta atrasos devido \u00e0 crise econ\u00f4mica e pol\u00edtica do pa\u00eds, principalmente ap\u00f3s 2015.<\/p>\n<p>Fonte: Defesa em Foco<\/p>\n","protected":false},"excerpt":{"rendered":"<p>O presidente Luiz In\u00e1cio Lula da Silva visitar\u00e1, na pr\u00f3xima quinta-feira (23), as instala\u00e7\u00f5es do Prosub (Programa de Desenvolvimento de Submarinos) em Itagua\u00ed, litoral sul&#8230;<\/p>\n","protected":false},"author":1527,"featured_media":44534,"comment_status":"closed","ping_status":"closed","sticky":false,"template":"","format":"standard","meta":{"footnotes":""},"categories":[6],"tags":[],"class_list":["post-44533","post","type-post","status-publish","format-standard","has-post-thumbnail","hentry","category-noticias"],"_links":{"self":[{"href":"https:\/\/www.sincomam.org.br\/index.php\/wp-json\/wp\/v2\/posts\/44533","targetHints":{"allow":["GET"]}}],"collection":[{"href":"https:\/\/www.sincomam.org.br\/index.php\/wp-json\/wp\/v2\/posts"}],"about":[{"href":"https:\/\/www.sincomam.org.br\/index.php\/wp-json\/wp\/v2\/types\/post"}],"author":[{"embeddable":true,"href":"https:\/\/www.sincomam.org.br\/index.php\/wp-json\/wp\/v2\/users\/1527"}],"replies":[{"embeddable":true,"href":"https:\/\/www.sincomam.org.br\/index.php\/wp-json\/wp\/v2\/comments?post=44533"}],"version-history":[{"count":1,"href":"https:\/\/www.sincomam.org.br\/index.php\/wp-json\/wp\/v2\/posts\/44533\/revisions"}],"predecessor-version":[{"id":44535,"href":"https:\/\/www.sincomam.org.br\/index.php\/wp-json\/wp\/v2\/posts\/44533\/revisions\/44535"}],"wp:featuredmedia":[{"embeddable":true,"href":"https:\/\/www.sincomam.org.br\/index.php\/wp-json\/wp\/v2\/media\/44534"}],"wp:attachment":[{"href":"https:\/\/www.sincomam.org.br\/index.php\/wp-json\/wp\/v2\/media?parent=44533"}],"wp:term":[{"taxonomy":"category","embeddable":true,"href":"https:\/\/www.sincomam.org.br\/index.php\/wp-json\/wp\/v2\/categories?post=44533"},{"taxonomy":"post_tag","embeddable":true,"href":"https:\/\/www.sincomam.org.br\/index.php\/wp-json\/wp\/v2\/tags?post=44533"}],"curies":[{"name":"wp","href":"https:\/\/api.w.org\/{rel}","templated":true}]}}