{"id":44523,"date":"2023-03-20T09:49:34","date_gmt":"2023-03-20T12:49:34","guid":{"rendered":"http:\/\/www.sincomam.org.br\/?p=44523"},"modified":"2023-03-20T09:49:34","modified_gmt":"2023-03-20T12:49:34","slug":"retomada-da-industria-naval-vai-gerar-milhares-de-empregos-segundo-representante-da-petrobras","status":"publish","type":"post","link":"https:\/\/www.sincomam.org.br\/index.php\/retomada-da-industria-naval-vai-gerar-milhares-de-empregos-segundo-representante-da-petrobras\/","title":{"rendered":"Retomada da ind\u00fastria naval vai gerar milhares de empregos, segundo representante da Petrobras"},"content":{"rendered":"<p>O setor naval, desde a Lava Jato, vem\u00a0sofrendo uma decad\u00eancia na gera\u00e7\u00e3o de empregos. Por\u00e9m, de acordo com a representante dos trabalhadores no Conselho de Administra\u00e7\u00e3o da Petrobras, Ros\u00e2ngela Buzanelli, a estatal pretende retomar a gera\u00e7\u00e3o de empregos em plataformas de explora\u00e7\u00e3o de \u00f3leo e g\u00e1s de apoio no Brasil, segundo o site Rede Brasil Atual.<\/p>\n<p>Esse desejo da Petrobras em voltar a aquecer o setor naval no quesito de gera\u00e7\u00e3o de empregos na \u00e1rea de explora\u00e7\u00e3o deve estimular tamb\u00e9m toda a cadeia produtiva de explora\u00e7\u00e3o de \u00f3leo e g\u00e1s no Brasil.<\/p>\n<p>Para a conselheira da Petrobras, \u201cA revitaliza\u00e7\u00e3o do segmento de \u00f3leo e g\u00e1s representa a gera\u00e7\u00e3o de milhares de empregos no pa\u00eds. Lembremos que a ind\u00fastria naval brasileira j\u00e1 viveu tempos \u00e1ureos, mas foi v\u00edtima de um duro golpe de destrui\u00e7\u00e3o e hoje encontra-se abandonada\u201d.<\/p>\n<p>No decorrer de uma entrevista coletiva no in\u00edcio de mar\u00e7o, o presidente da Petrobras, Jean Paul Prates, disse que a estatal deseja sim voltar a construir plataformas no Brasil para\u00a0gera\u00e7\u00e3o de empregos e defendeu as pol\u00edticas p\u00fablicas,\u00a0como forma de reaquecer o setor naval brasileiro.<\/p>\n<div>\n<p>Segundo ele: \u201cSe voc\u00ea fizer um levantamento, hoje, talvez, um equipamento bem complexo integralmente feito no Brasil saia tr\u00eas ou quatro vezes mais caro. Ent\u00e3o, quando h\u00e1 uma discrep\u00e2ncia a esse n\u00edvel, \u00e9 preciso pol\u00edtica p\u00fablica e outro tipo de abordagem a esse problema\u201d.<\/p>\n<p>Al\u00e9m disso, de acordo ainda com o presidente da Petrobras, os anos anteriores \u201cdestru\u00edram\u201d o ciclo da ind\u00fastria naval e esse fato resultou em custos exorbitantes nos projetos de estaleiros brasileiros, fazendo com que os avan\u00e7os alcan\u00e7ados nos anos 2000 n\u00e3o valessem de nada.<\/p>\n<p>Ros\u00e2ngela ainda afirma que a ind\u00fastria naval do Brasil j\u00e1 esteve na sua melhor fase, por\u00e9m, foi v\u00edtima de um golpe de destrui\u00e7\u00e3o onde se encontra atualmente, abandonada. Ela ainda destaca que foi durante o governo Lula que o setor teve as gera\u00e7\u00f5es de vagas de emprego no seu auge, empregando mais de 82 mil pessoas.<\/p>\n<p>A fonte utilizada pela representante da Petrobras foi um estudo recente do Sindicato Nacional da Ind\u00fastria da Constru\u00e7\u00e3o e Repara\u00e7\u00e3o Naval e Offshore (Sinaval), que mostra o tamanho da crise do setor naval.\u00a0H\u00e1 cerca de 10 anos, os pre\u00e7os contratados de projetos nos estaleiros\u00a0brasileiros somaram cerca de R$ 9,5 bilh\u00f5es, sendo que em 2021 o valor foi minorado para R$ 570 milh\u00f5es, apresentando uma queda de cerca de 96%.<\/p>\n<p>Para mais, de 13 estaleiros da Petrobras no Brasil, grande parte deles est\u00e1 atuando com uma capacidade abaixo da necess\u00e1ria ou apenas atuando em reparos navais convencionais.<\/p>\n<div id=\"quads-ad9\" class=\"quads-location quads-ad9\">\n<div class=\"fb-background-color\">\n<div class=\"fb-comments\" data-href=\"https:\/\/clickpetroleoegas.com.br\/apos-retomada-triunfal-da-industria-naval-milhares-de-pessoas-serao-empregadas-em-postos-de-exploracao-de-oleo-e-gas-segundo-representante-da-petrobras\/\" data-numposts=\"5\" data-lazy=\"true\" data-colorscheme=\"light\" data-order-by=\"reverse_time\" data-mobile=\"true\">Fonte: Click Petr\u00f3leo e G\u00e1s<\/div>\n<\/div>\n<\/div>\n<\/div>\n","protected":false},"excerpt":{"rendered":"<p>O setor naval, desde a Lava Jato, vem\u00a0sofrendo uma decad\u00eancia na gera\u00e7\u00e3o de empregos. Por\u00e9m, de acordo com a representante dos trabalhadores no Conselho de&#8230;<\/p>\n","protected":false},"author":1527,"featured_media":44524,"comment_status":"closed","ping_status":"closed","sticky":false,"template":"","format":"standard","meta":{"footnotes":""},"categories":[6],"tags":[],"class_list":["post-44523","post","type-post","status-publish","format-standard","has-post-thumbnail","hentry","category-noticias"],"_links":{"self":[{"href":"https:\/\/www.sincomam.org.br\/index.php\/wp-json\/wp\/v2\/posts\/44523","targetHints":{"allow":["GET"]}}],"collection":[{"href":"https:\/\/www.sincomam.org.br\/index.php\/wp-json\/wp\/v2\/posts"}],"about":[{"href":"https:\/\/www.sincomam.org.br\/index.php\/wp-json\/wp\/v2\/types\/post"}],"author":[{"embeddable":true,"href":"https:\/\/www.sincomam.org.br\/index.php\/wp-json\/wp\/v2\/users\/1527"}],"replies":[{"embeddable":true,"href":"https:\/\/www.sincomam.org.br\/index.php\/wp-json\/wp\/v2\/comments?post=44523"}],"version-history":[{"count":1,"href":"https:\/\/www.sincomam.org.br\/index.php\/wp-json\/wp\/v2\/posts\/44523\/revisions"}],"predecessor-version":[{"id":44525,"href":"https:\/\/www.sincomam.org.br\/index.php\/wp-json\/wp\/v2\/posts\/44523\/revisions\/44525"}],"wp:featuredmedia":[{"embeddable":true,"href":"https:\/\/www.sincomam.org.br\/index.php\/wp-json\/wp\/v2\/media\/44524"}],"wp:attachment":[{"href":"https:\/\/www.sincomam.org.br\/index.php\/wp-json\/wp\/v2\/media?parent=44523"}],"wp:term":[{"taxonomy":"category","embeddable":true,"href":"https:\/\/www.sincomam.org.br\/index.php\/wp-json\/wp\/v2\/categories?post=44523"},{"taxonomy":"post_tag","embeddable":true,"href":"https:\/\/www.sincomam.org.br\/index.php\/wp-json\/wp\/v2\/tags?post=44523"}],"curies":[{"name":"wp","href":"https:\/\/api.w.org\/{rel}","templated":true}]}}