{"id":44515,"date":"2023-03-20T09:36:57","date_gmt":"2023-03-20T12:36:57","guid":{"rendered":"http:\/\/www.sincomam.org.br\/?p=44515"},"modified":"2023-03-20T09:38:40","modified_gmt":"2023-03-20T12:38:40","slug":"marcio-franca-diz-que-navegacao-de-carga-e-uma-das-prioridades-do-governo","status":"publish","type":"post","link":"https:\/\/www.sincomam.org.br\/index.php\/marcio-franca-diz-que-navegacao-de-carga-e-uma-das-prioridades-do-governo\/","title":{"rendered":"M\u00e1rcio Fran\u00e7a diz que navega\u00e7\u00e3o de carga \u00e9 uma das prioridades do governo"},"content":{"rendered":"<p>O\u00a0setor de cabotagem se reuniu na \u00faltima quinta-feira (16), no Rio de Janeiro, para debater os desafios e as perspectivas de crescimento do segmento de navega\u00e7\u00e3o com o novo governo. Sob o tema \u201cO crescimento da economia e a import\u00e2ncia da cabotagem na matriz de transporte brasileira: perspectivas e desafios\u201d, o evento contou com a participa\u00e7\u00e3o do Ministro de Portos e Aeroportos, M\u00e1rcio Fran\u00e7a.<\/p>\n<p>Na abertura, o ministro disse que o setor portu\u00e1rio ser\u00e1 uma prioridade na gest\u00e3o de\u00a0Luiz In\u00e1cio Lula da Silva:<\/p>\n<p>&#8220;O novo governo vai priorizar esfor\u00e7os em \u00e1reas como a de portos e aeroportos. Um indicador disso \u00e9 a cria\u00e7\u00e3o de uma pasta para tratar desses temas, j\u00e1 que, antes, tudo estava dentro de uma mesma pasta, e o setor rodovi\u00e1rio acabava recebendo mais aten\u00e7\u00e3o&#8221;.<\/p>\n<p>O evento foi realizado pela\u00a0Editora Globo, com patroc\u00ednio da\u00a0Associa\u00e7\u00e3o Brasileira de Armadores de Cabotagem\u00a0(Abac), que est\u00e1 comemorando 50 anos.<\/p>\n<p>Fran\u00e7a afirmou que o novo governo vai rever algumas pol\u00edticas da gest\u00e3o passada, como a\u00a0BR do Mar, que flexibiliza o afretamento de embarca\u00e7\u00f5es estrangeiras para serem usadas no transporte de cargas na cabotagem brasileira.<\/p>\n<p>&#8220;Vamos tentar, da maneira que entendemos ser a correta, aperfei\u00e7oar as legisla\u00e7\u00f5es que foram aprovadas, em especial a BR do Mar. A gente reconhece que h\u00e1 avan\u00e7os importantes, mas tamb\u00e9m h\u00e1 imperfei\u00e7\u00f5es que podem ser corrigidas&#8221;.<\/p>\n<div>\n<p>Crescimento de 3%<br \/>\nLuis Fernando Resano, diretor-executivo da Abac, que participou de um dos pain\u00e9is do evento, refor\u00e7ou que o novo governo precisa definir as regras para a BR do Mar, que precisa de regulamenta\u00e7\u00e3o. Para ele, isso \u00e9 crucial para que as empresas possam investir.<\/p>\n<p>Fabrizio Pierdom\u00eanico, secret\u00e1rio Nacional de Portos e Transportes Aquavi\u00e1rios, lembrou que h\u00e1 uma preocupa\u00e7\u00e3o do governo em regulamentar a BR do Mar.<\/p>\n<p>&#8220;A BR do Mar tem como objetivo trazer navios estrangeiros para a cabotagem. Mas \u00e9 importante que sejam criados empregos no Brasil, exemplificou Resano&#8221;.<\/p>\n<p>Segundo ele, no ano passado, o setor de cabotagem, sem a participa\u00e7\u00e3o do setor de \u00f3leo e g\u00e1s,\u00a0cresceu 3%:<\/p>\n<p>&#8220;O governo precisa trabalhar em uma pol\u00edtica p\u00fablica e acreditar nesse modal. As empresas est\u00e3o prontas para investir&#8221;.<\/p>\n<p>Fonte: O Globo<\/p>\n<\/div>\n","protected":false},"excerpt":{"rendered":"<p>O\u00a0setor de cabotagem se reuniu na \u00faltima quinta-feira (16), no Rio de Janeiro, para debater os desafios e as perspectivas de crescimento do segmento de&#8230;<\/p>\n","protected":false},"author":1527,"featured_media":44517,"comment_status":"closed","ping_status":"closed","sticky":false,"template":"","format":"standard","meta":{"footnotes":""},"categories":[6],"tags":[],"class_list":["post-44515","post","type-post","status-publish","format-standard","has-post-thumbnail","hentry","category-noticias"],"_links":{"self":[{"href":"https:\/\/www.sincomam.org.br\/index.php\/wp-json\/wp\/v2\/posts\/44515","targetHints":{"allow":["GET"]}}],"collection":[{"href":"https:\/\/www.sincomam.org.br\/index.php\/wp-json\/wp\/v2\/posts"}],"about":[{"href":"https:\/\/www.sincomam.org.br\/index.php\/wp-json\/wp\/v2\/types\/post"}],"author":[{"embeddable":true,"href":"https:\/\/www.sincomam.org.br\/index.php\/wp-json\/wp\/v2\/users\/1527"}],"replies":[{"embeddable":true,"href":"https:\/\/www.sincomam.org.br\/index.php\/wp-json\/wp\/v2\/comments?post=44515"}],"version-history":[{"count":1,"href":"https:\/\/www.sincomam.org.br\/index.php\/wp-json\/wp\/v2\/posts\/44515\/revisions"}],"predecessor-version":[{"id":44516,"href":"https:\/\/www.sincomam.org.br\/index.php\/wp-json\/wp\/v2\/posts\/44515\/revisions\/44516"}],"wp:featuredmedia":[{"embeddable":true,"href":"https:\/\/www.sincomam.org.br\/index.php\/wp-json\/wp\/v2\/media\/44517"}],"wp:attachment":[{"href":"https:\/\/www.sincomam.org.br\/index.php\/wp-json\/wp\/v2\/media?parent=44515"}],"wp:term":[{"taxonomy":"category","embeddable":true,"href":"https:\/\/www.sincomam.org.br\/index.php\/wp-json\/wp\/v2\/categories?post=44515"},{"taxonomy":"post_tag","embeddable":true,"href":"https:\/\/www.sincomam.org.br\/index.php\/wp-json\/wp\/v2\/tags?post=44515"}],"curies":[{"name":"wp","href":"https:\/\/api.w.org\/{rel}","templated":true}]}}