{"id":44509,"date":"2023-03-20T09:29:23","date_gmt":"2023-03-20T12:29:23","guid":{"rendered":"http:\/\/www.sincomam.org.br\/?p=44509"},"modified":"2023-03-20T09:29:23","modified_gmt":"2023-03-20T12:29:23","slug":"brasil-franca-guiana-e-suriname-realizam-operacao-militar-combinada","status":"publish","type":"post","link":"https:\/\/www.sincomam.org.br\/index.php\/brasil-franca-guiana-e-suriname-realizam-operacao-militar-combinada\/","title":{"rendered":"Brasil, Fran\u00e7a, Guiana e Suriname realizam opera\u00e7\u00e3o militar combinada"},"content":{"rendered":"<p class=\"rtejustify\">Encerra-se, neste s\u00e1bado (18), a primeira edi\u00e7\u00e3o da Opera\u00e7\u00e3o Combinada \u201cFer de Lance\u201d (Ponta de Lan\u00e7a), que reuniu militares e meios operativos das For\u00e7as Armadas do Brasil, Fran\u00e7a, Guiana e Suriname. A opera\u00e7\u00e3o iniciou no dia 11 de mar\u00e7o, na Guiana Francesa, onde foram realizados exerc\u00edcios militares que simularam uma interven\u00e7\u00e3o no territ\u00f3rio de um pa\u00eds fict\u00edcio, em vias de desestabiliza\u00e7\u00e3o, com efetivo militar reduzido. O Navio de Apoio Oce\u00e2nico &#8220;Iguatemi&#8221;, da Marinha do Brasil, foi um dos meios navais envolvidos na opera\u00e7\u00e3o.<\/p>\n<p class=\"rtejustify\">A \u00e1rea onde as manobras militares foram realizadas \u00e9 alvo constante de opera\u00e7\u00f5es contra atividades ilegais de garimpo e pesca. Esta \u00e1rea estende-se desde a regi\u00e3o do Oiapoque, no extremo Norte do Brasil, passando pelo litoral da Guiana Francesa, at\u00e9 a fronteira com o Suriname. Essa extensa zona do Atl\u00e2ntico \u00e9 um ponto de aten\u00e7\u00e3o para as For\u00e7as Armadas de Brasil e Fran\u00e7a. Na Guiana Francesa, territ\u00f3rio ultramarino franc\u00eas, o Pa\u00eds europeu mant\u00e9m um Centro Espacial, base de lan\u00e7amento de foguetes na cidade de Kourou.<\/p>\n<p class=\"rtejustify\">Com o prop\u00f3sito de permitir o interc\u00e2mbio de conhecimentos e desenvolver a coopera\u00e7\u00e3o regional, a Opera\u00e7\u00e3o \u201cFer de Lance\u201d \u00e9 o maior exerc\u00edcio militar combinado da Fran\u00e7a realizado na Am\u00e9rica do Sul. A segunda edi\u00e7\u00e3o do evento tem previs\u00e3o para 2025.<\/p>\n<p class=\"rtejustify\"><strong>Exerc\u00edcios militares<\/strong><br \/>\nA For\u00e7a Naval brasileira \u00e9 representada por 51 militares, a bordo do Navio de Apoio Oce\u00e2nico \u201cIguatemi\u201d, meio subordinado ao Comando do Grupamento de Patrulha Naval do Norte, Organiza\u00e7\u00e3o Militar com sede em Bel\u00e9m (PA).<\/p>\n<p class=\"rtejustify\">Durante a opera\u00e7\u00e3o, a tripula\u00e7\u00e3o do \u201cIguatemi\u201d realizou o transporte de Tropa do 3\u00ba Regimento de Infantaria Estrangeiro do Ex\u00e9rcito Franc\u00eas, que desembarcou no Centro Espacial de Kourou. O navio brasileiro tamb\u00e9m simulou manobra de evacua\u00e7\u00e3o aerom\u00e9dica, realizada em conjunto com a For\u00e7a A\u00e9rea Francesa, al\u00e9m de ter executado manobras de reboque de Navio-Patrulha da Marinha Nacional da Fran\u00e7a e transfer\u00eancia de carga no mar.<\/p>\n<p class=\"rtejustify\">&#8220;Na maior parte do evento, n\u00f3s realizamos a chamada interdi\u00e7\u00e3o de \u00e1rea mar\u00edtima, que vem a ser o controle rigoroso de uma \u00e1rea, onde todas as embarca\u00e7\u00f5es que trafegarem por ali t\u00eam que ser positivamente identificadas. Durante esse evento, n\u00f3s simulamos outros exerc\u00edcios, como a necessidade de realizar tiro real, enviamos um grupo especial para efetuar revista em uma embarca\u00e7\u00e3o que estava, simuladamente, carregando material il\u00edcito. Estou certo que, ao final de exerc\u00edcio, nossa interoperabilidade saiu fortalecida&#8221;, afirma o Comandante do Grupamento de Patrulha Naval do Norte, Capit\u00e3o de Mar e Guerra Ondiara Barbosa.<\/p>\n<p class=\"rtejustify\"><strong>Amea\u00e7as assim\u00e9tricas<\/strong><br \/>\nO programa de exerc\u00edcios prev\u00ea adestramentos sobre preven\u00e7\u00e3o e combate a amea\u00e7as assim\u00e9tricas. Na doutrina militar, o conceito de amea\u00e7a assim\u00e9trica \u00e9 considerado como nova tend\u00eancia para conflitos internacionais ou entre na\u00e7\u00f5es e grupos n\u00e3o estatais, que n\u00e3o seguem o Direito Internacional para os embates armados. A execu\u00e7\u00e3o de opera\u00e7\u00f5es dessa natureza exige grande capacidade de comando e controle, com o aumento do emprego da intelig\u00eancia.<\/p>\n<p class=\"rtejustify\">A opera\u00e7\u00e3o simulou aproxima\u00e7\u00f5es furtivas, durante o per\u00edodo noturno, de embarca\u00e7\u00f5es operadas por grupos paramilitares. &#8220;Nosso oponente, nesse caso, n\u00e3o tem o mesmo poder de fogo que n\u00f3s, nem utiliza de meios convencionais. Sempre com o prop\u00f3sito de causar algum dano material ou for\u00e7ar que os procedimentos do uso da For\u00e7a sejam feitos de forma inadequada. Quando esses contatos se aproximavam, nossa vigil\u00e2ncia, muito atenta, iluminava com holofotes, chamava no r\u00e1dio, tentava identificar positivamente, alert\u00e1-los para que pudessem se afastar e empregava, proporcionalmente, a for\u00e7a&#8221;, comenta o Comandante Ondiara Barbosa.<\/p>\n<p class=\"rtejustify\"><strong>Navio de Apoio Oce\u00e2nico (NApOc) &#8220;Iguatemi&#8221;<\/strong><br \/>\nIncorporado \u00e0 Marinha do Brasil em 2018, o NApOc &#8220;Iguatemi&#8221; est\u00e1 apto a operar em miss\u00f5es de apoio log\u00edstico, busca e salvamento, patrulha e inspe\u00e7\u00e3o naval. Com 63,40m de comprimento, o Navio \u00e9 equipado com\u00a0 duas metralhadoras 12,7mm (0,50 pol) e duas metralhadoras 7,62mm.<\/p>\n<p class=\"rtejustify\">A Opera\u00e7\u00e3o teve como prop\u00f3sito permitir o interc\u00e2mbio de conhecimentos e desenvolver a coopera\u00e7\u00e3o regional. Durante a comiss\u00e3o, foram realizados exerc\u00edcios no mar, de transporte de tropa, reboque, manobras t\u00e1ticas, opera\u00e7\u00f5es a\u00e9reas, tiro sobre alvo de superf\u00edcie, al\u00e9m de a\u00e7\u00f5es de grupo de visita e inspe\u00e7\u00e3o.<\/p>\n<p>Fonte: Ag\u00eancia Marinha de Not\u00edcias<\/p>\n","protected":false},"excerpt":{"rendered":"<p>Encerra-se, neste s\u00e1bado (18), a primeira edi\u00e7\u00e3o da Opera\u00e7\u00e3o Combinada \u201cFer de Lance\u201d (Ponta de Lan\u00e7a), que reuniu militares e meios operativos das For\u00e7as Armadas&#8230;<\/p>\n","protected":false},"author":1527,"featured_media":44510,"comment_status":"closed","ping_status":"closed","sticky":false,"template":"","format":"standard","meta":{"footnotes":""},"categories":[6],"tags":[],"class_list":["post-44509","post","type-post","status-publish","format-standard","has-post-thumbnail","hentry","category-noticias"],"_links":{"self":[{"href":"https:\/\/www.sincomam.org.br\/index.php\/wp-json\/wp\/v2\/posts\/44509","targetHints":{"allow":["GET"]}}],"collection":[{"href":"https:\/\/www.sincomam.org.br\/index.php\/wp-json\/wp\/v2\/posts"}],"about":[{"href":"https:\/\/www.sincomam.org.br\/index.php\/wp-json\/wp\/v2\/types\/post"}],"author":[{"embeddable":true,"href":"https:\/\/www.sincomam.org.br\/index.php\/wp-json\/wp\/v2\/users\/1527"}],"replies":[{"embeddable":true,"href":"https:\/\/www.sincomam.org.br\/index.php\/wp-json\/wp\/v2\/comments?post=44509"}],"version-history":[{"count":1,"href":"https:\/\/www.sincomam.org.br\/index.php\/wp-json\/wp\/v2\/posts\/44509\/revisions"}],"predecessor-version":[{"id":44511,"href":"https:\/\/www.sincomam.org.br\/index.php\/wp-json\/wp\/v2\/posts\/44509\/revisions\/44511"}],"wp:featuredmedia":[{"embeddable":true,"href":"https:\/\/www.sincomam.org.br\/index.php\/wp-json\/wp\/v2\/media\/44510"}],"wp:attachment":[{"href":"https:\/\/www.sincomam.org.br\/index.php\/wp-json\/wp\/v2\/media?parent=44509"}],"wp:term":[{"taxonomy":"category","embeddable":true,"href":"https:\/\/www.sincomam.org.br\/index.php\/wp-json\/wp\/v2\/categories?post=44509"},{"taxonomy":"post_tag","embeddable":true,"href":"https:\/\/www.sincomam.org.br\/index.php\/wp-json\/wp\/v2\/tags?post=44509"}],"curies":[{"name":"wp","href":"https:\/\/api.w.org\/{rel}","templated":true}]}}