{"id":4450,"date":"2014-03-25T09:43:33","date_gmt":"2014-03-25T12:43:33","guid":{"rendered":"http:\/\/www.sincomam.org.br\/?p=4450"},"modified":"2014-03-25T09:43:33","modified_gmt":"2014-03-25T12:43:33","slug":"petrobras-nega-que-pdvsa-tenha-ingressado-como-socia","status":"publish","type":"post","link":"https:\/\/www.sincomam.org.br\/index.php\/petrobras-nega-que-pdvsa-tenha-ingressado-como-socia\/","title":{"rendered":"Petrobras nega que PDVSA tenha ingressado como s\u00f3cia"},"content":{"rendered":"<p><b><i>Companhia afirmou que a estatal venezuelana n\u00e3o se tornou s\u00f3cia na refinaria Abreu e Lima e, por isso, n\u00e3o pode ser cobrada<\/i><\/b><\/p>\n<p>A Petrobras afirmou na noite desta segunda-feira (24\/3) que a estatal venezuelana PDVSA n\u00e3o se tornou s\u00f3cia da empresa na refinaria Abreu e Lima e, por isso, n\u00e3o pode ser cobrada por eventuais d\u00edvidas geradas pelo projeto.<\/p>\n<p>&#8220;A PDVSA jamais ingressou na sociedade e, por tal motivo, jamais teve qualquer direito de delibera\u00e7\u00e3o no \u00e2mbito da Rnest (Refinaria Abreu e Lima). Da mesma forma, eventuais cobran\u00e7as somente seriam devidas por s\u00f3cios da Petrobras na Rnest e n\u00e3o por potenciais s\u00f3cios&#8221;, afirmou a companhia brasileira em comunicado.<\/p>\n<p>O comunicado foi emitido na forma de &#8220;nota de esclarecimento&#8221;. Mais cedo, o jornal O Estado de S.Paulo publicou que a Petrobras deixou de cobrar penalidades relacionadas \u00e0 constru\u00e7\u00e3o da refinaria em Pernambuco.<\/p>\n<p>&#8220;A constru\u00e7\u00e3o da Refinaria do Nordeste encontrava-se inserida no Plano de Neg\u00f3cios 2007-2011 da Petrobras, independentemente da constitui\u00e7\u00e3o de parceria societ\u00e1ria com a PDVSA ou outra sociedade&#8221;, afirmou a estatal brasileira.<\/p>\n<p>&#8220;Em 2013, como as partes n\u00e3o chegaram a um consenso acerca da sociedade, a Rnest foi incorporada pela Petrobras que, com tal medida, otimizou a gest\u00e3o de seu portf\u00f3lio&#8221;, acrescentou.<\/p>\n<p>O conselho de administra\u00e7\u00e3o da Petrobras decidiu pela incorpora\u00e7\u00e3o da refinaria em outubro do ano passado, depois do fracasso em negocia\u00e7\u00f5es com a PDVSA.<\/p>\n<p>A decis\u00e3o ocorreu ap\u00f3s longa negocia\u00e7\u00e3o com o governo venezuelano, que na \u00e9poca n\u00e3o havia feito o pagamento de sua parte (40 por cento) da refinaria, lan\u00e7ada em 2005 como s\u00edmbolo de uma alian\u00e7a estrat\u00e9gica entre Brasil e Venezuela.<\/p>\n<p>A refinaria foi projetada para uma capacidade de 230 mil barris ao dia, com algumas estruturas previstas apenas por causa da parceria esperada com a Venezuela.<\/p>\n<p>Fonte: Reuters \/ Foto: divulga\u00e7\u00e3o &#8211; Obras\u00a0Refinaria Abreu e Lima<\/p>\n","protected":false},"excerpt":{"rendered":"<p>Companhia afirmou que a estatal venezuelana n\u00e3o se tornou s\u00f3cia na refinaria Abreu e Lima e, por isso, n\u00e3o pode ser cobrada A Petrobras afirmou&#8230;<\/p>\n","protected":false},"author":1182,"featured_media":4453,"comment_status":"closed","ping_status":"closed","sticky":false,"template":"","format":"standard","meta":{"footnotes":""},"categories":[6],"tags":[284,811,58,168,108],"class_list":["post-4450","post","type-post","status-publish","format-standard","has-post-thumbnail","hentry","category-noticias","tag-abreu-e-lima","tag-pasadena","tag-petrobras","tag-processo","tag-refinaria"],"_links":{"self":[{"href":"https:\/\/www.sincomam.org.br\/index.php\/wp-json\/wp\/v2\/posts\/4450","targetHints":{"allow":["GET"]}}],"collection":[{"href":"https:\/\/www.sincomam.org.br\/index.php\/wp-json\/wp\/v2\/posts"}],"about":[{"href":"https:\/\/www.sincomam.org.br\/index.php\/wp-json\/wp\/v2\/types\/post"}],"author":[{"embeddable":true,"href":"https:\/\/www.sincomam.org.br\/index.php\/wp-json\/wp\/v2\/users\/1182"}],"replies":[{"embeddable":true,"href":"https:\/\/www.sincomam.org.br\/index.php\/wp-json\/wp\/v2\/comments?post=4450"}],"version-history":[{"count":1,"href":"https:\/\/www.sincomam.org.br\/index.php\/wp-json\/wp\/v2\/posts\/4450\/revisions"}],"predecessor-version":[{"id":4454,"href":"https:\/\/www.sincomam.org.br\/index.php\/wp-json\/wp\/v2\/posts\/4450\/revisions\/4454"}],"wp:featuredmedia":[{"embeddable":true,"href":"https:\/\/www.sincomam.org.br\/index.php\/wp-json\/wp\/v2\/media\/4453"}],"wp:attachment":[{"href":"https:\/\/www.sincomam.org.br\/index.php\/wp-json\/wp\/v2\/media?parent=4450"}],"wp:term":[{"taxonomy":"category","embeddable":true,"href":"https:\/\/www.sincomam.org.br\/index.php\/wp-json\/wp\/v2\/categories?post=4450"},{"taxonomy":"post_tag","embeddable":true,"href":"https:\/\/www.sincomam.org.br\/index.php\/wp-json\/wp\/v2\/tags?post=4450"}],"curies":[{"name":"wp","href":"https:\/\/api.w.org\/{rel}","templated":true}]}}