{"id":44490,"date":"2023-03-17T10:43:28","date_gmt":"2023-03-17T13:43:28","guid":{"rendered":"http:\/\/www.sincomam.org.br\/?p=44490"},"modified":"2023-03-17T10:43:40","modified_gmt":"2023-03-17T13:43:40","slug":"governo-do-rio-determina-retomada-completa-da-operacao-das-barcas","status":"publish","type":"post","link":"https:\/\/www.sincomam.org.br\/index.php\/governo-do-rio-determina-retomada-completa-da-operacao-das-barcas\/","title":{"rendered":"Governo do Rio determina retomada completa da opera\u00e7\u00e3o das barcas"},"content":{"rendered":"<p>O\u00a0Governo do Estado\u00a0do Rio determinou, nesta quarta (15), a retomada da opera\u00e7\u00e3o completa do servi\u00e7o de barcas. Com isso, a concession\u00e1ria\u00a0CCR Barcas\u00a0est\u00e1 obrigada a voltar a oferecer aos\u00a0 usu\u00e1rios as sete op\u00e7\u00f5es de hor\u00e1rios de transporte para a\u00a0Ilha de Paquet\u00e1\u00a0que estavam suspensas. A determina\u00e7\u00e3o foi enviada ap\u00f3s o pagamento da primeira parcela do acordo com a concession\u00e1ria, que aguardava aprova\u00e7\u00e3o do\u00a0Tribunal de Contas do Estado.<\/p>\n<p>\u201cA partir desta quinta (16), a popula\u00e7\u00e3o de Paquet\u00e1 ganha de volta o seu direito de usar as barcas nos\u00a0hor\u00e1rios convencionais. Vamos continuar acompanhando os servi\u00e7os de perto, para buscar mais melhorias aos usu\u00e1rios e para que n\u00e3o haja\u00a0nenhum tipo de preju\u00edzo\u00a0para quem depende do transporte\u201d, disse o secret\u00e1rio de Transportes e Mobilidade Urbana, Washington Reis.<\/p>\n<p>Agora, s\u00e3o 22 viagens, sendo 11 em cada sentido. At\u00e9 esta quarta (15), eram apenas 15 durante a semana. Aos fins de semana, o n\u00famero subiu de 12 para 25 partidas entre a Pra\u00e7a XV e a ilha, em vez dos 12 que eram feitos at\u00e9 o momento. Desse total, 13 ser\u00e3o viagens do Rio para Paquet\u00e1 e 12 no sentido contr\u00e1rio.<\/p>\n<p>Fonte: VejaRio<\/p>\n","protected":false},"excerpt":{"rendered":"<p>O\u00a0Governo do Estado\u00a0do Rio determinou, nesta quarta (15), a retomada da opera\u00e7\u00e3o completa do servi\u00e7o de barcas. Com isso, a concession\u00e1ria\u00a0CCR Barcas\u00a0est\u00e1 obrigada a voltar&#8230;<\/p>\n","protected":false},"author":1527,"featured_media":44491,"comment_status":"closed","ping_status":"closed","sticky":false,"template":"","format":"standard","meta":{"footnotes":""},"categories":[6],"tags":[],"class_list":["post-44490","post","type-post","status-publish","format-standard","has-post-thumbnail","hentry","category-noticias"],"_links":{"self":[{"href":"https:\/\/www.sincomam.org.br\/index.php\/wp-json\/wp\/v2\/posts\/44490","targetHints":{"allow":["GET"]}}],"collection":[{"href":"https:\/\/www.sincomam.org.br\/index.php\/wp-json\/wp\/v2\/posts"}],"about":[{"href":"https:\/\/www.sincomam.org.br\/index.php\/wp-json\/wp\/v2\/types\/post"}],"author":[{"embeddable":true,"href":"https:\/\/www.sincomam.org.br\/index.php\/wp-json\/wp\/v2\/users\/1527"}],"replies":[{"embeddable":true,"href":"https:\/\/www.sincomam.org.br\/index.php\/wp-json\/wp\/v2\/comments?post=44490"}],"version-history":[{"count":2,"href":"https:\/\/www.sincomam.org.br\/index.php\/wp-json\/wp\/v2\/posts\/44490\/revisions"}],"predecessor-version":[{"id":44493,"href":"https:\/\/www.sincomam.org.br\/index.php\/wp-json\/wp\/v2\/posts\/44490\/revisions\/44493"}],"wp:featuredmedia":[{"embeddable":true,"href":"https:\/\/www.sincomam.org.br\/index.php\/wp-json\/wp\/v2\/media\/44491"}],"wp:attachment":[{"href":"https:\/\/www.sincomam.org.br\/index.php\/wp-json\/wp\/v2\/media?parent=44490"}],"wp:term":[{"taxonomy":"category","embeddable":true,"href":"https:\/\/www.sincomam.org.br\/index.php\/wp-json\/wp\/v2\/categories?post=44490"},{"taxonomy":"post_tag","embeddable":true,"href":"https:\/\/www.sincomam.org.br\/index.php\/wp-json\/wp\/v2\/tags?post=44490"}],"curies":[{"name":"wp","href":"https:\/\/api.w.org\/{rel}","templated":true}]}}