{"id":44487,"date":"2023-03-17T10:38:53","date_gmt":"2023-03-17T13:38:53","guid":{"rendered":"http:\/\/www.sincomam.org.br\/?p=44487"},"modified":"2023-03-17T10:38:53","modified_gmt":"2023-03-17T13:38:53","slug":"receita-recebe-mais-de-2-milhoes-declaracoes-do-ir-em-dois-dias","status":"publish","type":"post","link":"https:\/\/www.sincomam.org.br\/index.php\/receita-recebe-mais-de-2-milhoes-declaracoes-do-ir-em-dois-dias\/","title":{"rendered":"Receita recebe mais de 2 milh\u00f5es declara\u00e7\u00f5es do IR em dois dias"},"content":{"rendered":"<p>O n\u00famero de entregas das Declara\u00e7\u00f5es do Imposto de Renda Pessoa F\u00edsica continuou a bater recorde no segundo dia. At\u00e9 as 17h desta quinta-feira (16) foram enviadas 2.164.378 declara\u00e7\u00f5es. Nas \u00faltimas 24 horas, foram enviadas 1.114.355 declara\u00e7\u00f5es.<img decoding=\"async\" src=\"https:\/\/agenciabrasil.ebc.com.br\/ebc.png?id=1516903&amp;o=node\" \/><img decoding=\"async\" src=\"https:\/\/agenciabrasil.ebc.com.br\/ebc.gif?id=1516903&amp;o=node\" \/><\/p>\n<p>Neste ano, o prazo de entrega da declara\u00e7\u00e3o mudou.\u00a0Come\u00e7ou \u00e0s 9h desta quarta-feira (15)\u00a0e vai at\u00e9 as 23h59min59s de 31 de maio.\u00a0A mudan\u00e7a, segunda a Receita, foi necess\u00e1ria para que todos os contribuintes tenham acesso \u00e0 declara\u00e7\u00e3o pr\u00e9-preenchida, que \u00e9 enviada duas semanas ap\u00f3s a entrega dos informes de rendimentos pelos empregadores, pelos planos de sa\u00fade e pelas institui\u00e7\u00f5es financeiras.<\/p>\n<p>Antigamente, o prazo de entrega da declara\u00e7\u00e3o come\u00e7ava no primeiro dia \u00fatil de mar\u00e7o e ia at\u00e9 o \u00faltimo dia \u00fatil de abril. Com o in\u00edcio mais tardio a partir deste ano, mais contribuintes ganharam tempo para entregarem a declara\u00e7\u00e3o no primeiro dia.<\/p>\n<p>Al\u00e9m da declara\u00e7\u00e3o pr\u00e9-preenchida, pela qual o contribuinte apenas precisa confirmar os dados e envi\u00e1-la, outro fator que impulsionou o recorde foi a\u00a0<a href=\"https:\/\/agenciabrasil.ebc.com.br\/economia\/noticia\/2023-03\/receita-libera-nesta-quinta-programa-gerador-do-ir-2023\" target=\"_blank\" rel=\"noopener\">antecipa\u00e7\u00e3o do\u00a0<em>download<\/em>\u00a0do programa gerador<\/a>\u00a0do documento. Inicialmente previsto para ser disponibilizado a partir desta quarta-feira, o programa teve a libera\u00e7\u00e3o antecipada para quinta-feira passada (9).<\/p>\n<p>Segundo a Receita Federal, a expectativa \u00e9 que sejam recebidas entre 38,5 milh\u00f5es e 39,5 milh\u00f5es de declara\u00e7\u00f5es neste ano, n\u00famero superior ao recorde registrado em 2022, quando o Fisco recebeu 36.322.912 documentos. Quem enviar a declara\u00e7\u00e3o depois do prazo pagar\u00e1 multa de R$ 165,74 ou 20% do imposto devido, prevalecendo o maior valor.<\/p>\n<h2>Novidades<\/h2>\n<p>A declara\u00e7\u00e3o deste ano tem novidades relativas \u00e0 restitui\u00e7\u00e3o. Quem optar por receber a restitui\u00e7\u00e3o via Pix ou usar a declara\u00e7\u00e3o pr\u00e9-preenchida receber\u00e1 o valor mais rapidamente, sempre respeitando as prioridades legais. Em rela\u00e7\u00e3o ao Pix, no entanto, a novidade s\u00f3 vale para quem declarar a chave do tipo Cadastro de Pessoas F\u00edsicas (CPF) no campo de pagamento da restitui\u00e7\u00e3o.<\/p>\n<p>Outra mudan\u00e7a importante \u00e9 a amplia\u00e7\u00e3o dos dados dispon\u00edveis na declara\u00e7\u00e3o pr\u00e9-preenchida. No ano passado, o acesso havia sido estendido a quem tem conta n\u00edvel prata ou ouro no Portal Gov.br. Agora, o formul\u00e1rio, que proporciona mais comodidade e reduz as chances de erros pelo contribuinte, ter\u00e1 mais informa\u00e7\u00f5es, como im\u00f3veis registrados em cart\u00f3rio e criptoativos.<\/p>\n<p>Tamb\u00e9m houve uma novidade em rela\u00e7\u00e3o a quem tem investimentos na bolsa de valores. A Receita flexibilizou a obrigatoriedade da declara\u00e7\u00e3o para este p\u00fablico. S\u00f3 quem fez vendas de grande valor ou obteve lucro (de qualquer valor) nessas aplica\u00e7\u00f5es dever\u00e1 preencher a declara\u00e7\u00e3o.<\/p>\n<p>Fonte: Ag\u00eancia Brasil<\/p>\n","protected":false},"excerpt":{"rendered":"<p>O n\u00famero de entregas das Declara\u00e7\u00f5es do Imposto de Renda Pessoa F\u00edsica continuou a bater recorde no segundo dia. At\u00e9 as 17h desta quinta-feira (16)&#8230;<\/p>\n","protected":false},"author":1527,"featured_media":44488,"comment_status":"closed","ping_status":"closed","sticky":false,"template":"","format":"standard","meta":{"footnotes":""},"categories":[6],"tags":[],"class_list":["post-44487","post","type-post","status-publish","format-standard","has-post-thumbnail","hentry","category-noticias"],"_links":{"self":[{"href":"https:\/\/www.sincomam.org.br\/index.php\/wp-json\/wp\/v2\/posts\/44487","targetHints":{"allow":["GET"]}}],"collection":[{"href":"https:\/\/www.sincomam.org.br\/index.php\/wp-json\/wp\/v2\/posts"}],"about":[{"href":"https:\/\/www.sincomam.org.br\/index.php\/wp-json\/wp\/v2\/types\/post"}],"author":[{"embeddable":true,"href":"https:\/\/www.sincomam.org.br\/index.php\/wp-json\/wp\/v2\/users\/1527"}],"replies":[{"embeddable":true,"href":"https:\/\/www.sincomam.org.br\/index.php\/wp-json\/wp\/v2\/comments?post=44487"}],"version-history":[{"count":1,"href":"https:\/\/www.sincomam.org.br\/index.php\/wp-json\/wp\/v2\/posts\/44487\/revisions"}],"predecessor-version":[{"id":44489,"href":"https:\/\/www.sincomam.org.br\/index.php\/wp-json\/wp\/v2\/posts\/44487\/revisions\/44489"}],"wp:featuredmedia":[{"embeddable":true,"href":"https:\/\/www.sincomam.org.br\/index.php\/wp-json\/wp\/v2\/media\/44488"}],"wp:attachment":[{"href":"https:\/\/www.sincomam.org.br\/index.php\/wp-json\/wp\/v2\/media?parent=44487"}],"wp:term":[{"taxonomy":"category","embeddable":true,"href":"https:\/\/www.sincomam.org.br\/index.php\/wp-json\/wp\/v2\/categories?post=44487"},{"taxonomy":"post_tag","embeddable":true,"href":"https:\/\/www.sincomam.org.br\/index.php\/wp-json\/wp\/v2\/tags?post=44487"}],"curies":[{"name":"wp","href":"https:\/\/api.w.org\/{rel}","templated":true}]}}