{"id":44461,"date":"2023-03-16T10:52:41","date_gmt":"2023-03-16T13:52:41","guid":{"rendered":"http:\/\/www.sincomam.org.br\/?p=44461"},"modified":"2023-03-16T10:52:41","modified_gmt":"2023-03-16T13:52:41","slug":"confederacao-nacional-do-transporte-propoe-que-reporto-seja-permanente","status":"publish","type":"post","link":"https:\/\/www.sincomam.org.br\/index.php\/confederacao-nacional-do-transporte-propoe-que-reporto-seja-permanente\/","title":{"rendered":"Confedera\u00e7\u00e3o Nacional do Transporte prop\u00f5e que Reporto seja permanente"},"content":{"rendered":"<div class=\"p-article\">\n<p>A Confedera\u00e7\u00e3o Nacional do Transporte (CNT) prop\u00f5e que o Regime Tribut\u00e1rio para Incentivo \u00e0 Moderniza\u00e7\u00e3o e \u00e0 Amplia\u00e7\u00e3o da Estrutura Portu\u00e1ria (Reporto) se torne permanente. A medida, que concede benef\u00edcio fiscal para a compra de equipamentos de infraestrutura portu\u00e1ria, s\u00f3 est\u00e1 garantida at\u00e9 31 de dezembro. A proposta consta na Agenda Institucional Transporte e Log\u00edstica 2023, lan\u00e7ada esta semana pela entidade. O Governo Federal busca alternativa para a solicita\u00e7\u00e3o.<\/p>\n<\/div>\n<div class=\"p-article\">\n<p>Para a CNT, o caminho para a mudan\u00e7a de status do Reporto \u00e9 a aprova\u00e7\u00e3o de um substitutivo ao Projeto de Lei (PL) 4.885\/2016, do deputado federal Le\u00f4nidas Cristino (PDT-CE). Nele, o parlamentar prop\u00f5e extens\u00e3o de isen\u00e7\u00f5es tribut\u00e1rias a empresas que atuam em terminais privados (TUPs) e amplia\u00e7\u00e3o dos limites previstos para importa\u00e7\u00e3o de partes ou pe\u00e7as para reposi\u00e7\u00e3o.<\/p>\n<\/div>\n<p>Conforme justifica Le\u00f4nidas, que j\u00e1 foi secret\u00e1rio especial de Portos na d\u00e9cada passada, o objetivo \u00e9 reduzir o custo log\u00edstico na cadeia de suprimentos. Quanto \u00e0 importa\u00e7\u00e3o de partes ou pe\u00e7as para reposi\u00e7\u00e3o, o deputado alega que a \u201clegisla\u00e7\u00e3o em vigor tolhe as empresas do setor&#8221;. Atualmente, o projeto de lei tramita na Comiss\u00e3o de Finan\u00e7as e Tributa\u00e7\u00e3o da C\u00e2mara Federal e aguarda parecer do relator, o deputado Mauro Benevides Filho (PDT-CE).<\/p>\n<p>Em nota, o presidente da CNT, Vander Costa, explica que o objetivo de estabelecer uma agenda de discuss\u00f5es junto ao Governo Federal e ao Congresso Nacional \u00e9 obter, por meio de pol\u00edticas p\u00fablicas, um ambiente favor\u00e1vel aos investimentos privados em infraestrutura de transportes. \u201cDefendemos um amplo di\u00e1logo com os tr\u00eas poderes da Rep\u00fablica, tendo em vista que h\u00e1 um novo Governo Federal e uma nova composi\u00e7\u00e3o no Legislativo\u201d.<\/p>\n<p>No que diz respeito ao Reporto, a CNT entende que \u201ca n\u00e3o continuidade do regime tribut\u00e1rio pode afastar os investidores privados que se sentem atra\u00eddos pelos novos marcos legais aprovados pelo Congresso Nacional\u201d. A confedera\u00e7\u00e3o se refere ao Marco Legal de Ferrovias (Lei Federal 14.273\/2021) e ao Programa de Est\u00edmulo ao Transporte por Cabotagem, o BR do Mar (Lei Federal 14.301\/2022).<\/p>\n<p>A CNT argumenta que a prorroga\u00e7\u00e3o do Reporto \u00e9 necess\u00e1ria. \u201cS\u00e3o legisla\u00e7\u00f5es que objetivam ampliar a constru\u00e7\u00e3o e utiliza\u00e7\u00e3o das ferrovias e o transporte por cabotagem, diminuindo o Custo Brasil e fomentando os portos brasileiros. Contudo, essas boas iniciativas podem n\u00e3o ser aplicadas, em sua integralidade, com o fim do Reporto. O incentivo \u00e9 fundamental para manter o est\u00edmulo aos investimentos e viabilizar uma infraestrutura de transporte mais robusta para o Pa\u00eds\u201d.<\/p>\n<p>Tamb\u00e9m em nota, o Minist\u00e9rio de Portos e Aeroportos informou que \u201cest\u00e1 tratando o Reporto como um tema estrat\u00e9gico, buscando a melhor alternativa para desonerar e apoiar fortemente os investimentos em infraestrutura, e que seja alinhada com a proposta de reforma tribut\u00e1ria que est\u00e1 em estudo pelo Governo Federal\u201d.<\/p>\n<p>Fonte: A Tribuna<\/p>\n","protected":false},"excerpt":{"rendered":"<p>A Confedera\u00e7\u00e3o Nacional do Transporte (CNT) prop\u00f5e que o Regime Tribut\u00e1rio para Incentivo \u00e0 Moderniza\u00e7\u00e3o e \u00e0 Amplia\u00e7\u00e3o da Estrutura Portu\u00e1ria (Reporto) se torne permanente&#8230;.<\/p>\n","protected":false},"author":1527,"featured_media":44462,"comment_status":"closed","ping_status":"closed","sticky":false,"template":"","format":"standard","meta":{"footnotes":""},"categories":[6],"tags":[],"class_list":["post-44461","post","type-post","status-publish","format-standard","has-post-thumbnail","hentry","category-noticias"],"_links":{"self":[{"href":"https:\/\/www.sincomam.org.br\/index.php\/wp-json\/wp\/v2\/posts\/44461","targetHints":{"allow":["GET"]}}],"collection":[{"href":"https:\/\/www.sincomam.org.br\/index.php\/wp-json\/wp\/v2\/posts"}],"about":[{"href":"https:\/\/www.sincomam.org.br\/index.php\/wp-json\/wp\/v2\/types\/post"}],"author":[{"embeddable":true,"href":"https:\/\/www.sincomam.org.br\/index.php\/wp-json\/wp\/v2\/users\/1527"}],"replies":[{"embeddable":true,"href":"https:\/\/www.sincomam.org.br\/index.php\/wp-json\/wp\/v2\/comments?post=44461"}],"version-history":[{"count":1,"href":"https:\/\/www.sincomam.org.br\/index.php\/wp-json\/wp\/v2\/posts\/44461\/revisions"}],"predecessor-version":[{"id":44463,"href":"https:\/\/www.sincomam.org.br\/index.php\/wp-json\/wp\/v2\/posts\/44461\/revisions\/44463"}],"wp:featuredmedia":[{"embeddable":true,"href":"https:\/\/www.sincomam.org.br\/index.php\/wp-json\/wp\/v2\/media\/44462"}],"wp:attachment":[{"href":"https:\/\/www.sincomam.org.br\/index.php\/wp-json\/wp\/v2\/media?parent=44461"}],"wp:term":[{"taxonomy":"category","embeddable":true,"href":"https:\/\/www.sincomam.org.br\/index.php\/wp-json\/wp\/v2\/categories?post=44461"},{"taxonomy":"post_tag","embeddable":true,"href":"https:\/\/www.sincomam.org.br\/index.php\/wp-json\/wp\/v2\/tags?post=44461"}],"curies":[{"name":"wp","href":"https:\/\/api.w.org\/{rel}","templated":true}]}}