{"id":44440,"date":"2023-03-15T11:03:15","date_gmt":"2023-03-15T14:03:15","guid":{"rendered":"http:\/\/www.sincomam.org.br\/?p=44440"},"modified":"2023-03-15T11:09:55","modified_gmt":"2023-03-15T14:09:55","slug":"barcas-veja-como-ficam-os-novos-horarios-para-paqueta-com-a-retomada-da-grade-do-servico-nesta-quarta-feira","status":"publish","type":"post","link":"https:\/\/www.sincomam.org.br\/index.php\/barcas-veja-como-ficam-os-novos-horarios-para-paqueta-com-a-retomada-da-grade-do-servico-nesta-quarta-feira\/","title":{"rendered":"Barcas: retomada hor\u00e1rios para Paquet\u00e1 nesta quarta-feira"},"content":{"rendered":"<p>A CCR Barcas informou que est\u00e1 retomando nesta quarta-feira a grade de hor\u00e1rios das embarca\u00e7\u00f5es com destino a Paquet\u00e1. Nos dias de semana, o servi\u00e7o passa de 15 a 22 viagens, sendo 11 em cada sentido. J\u00e1 nos fins de semana e feriados, ser\u00e3o 25 partidas e n\u00e3o mais 12, sendo 13 no sentido Paquet\u00e1 e 12 no sentido Pra\u00e7a Quinze.<\/p>\n<div class=\"mc-column content-text active-extra-styles \" data-block-type=\"unstyled\" data-block-weight=\"30\" data-block-id=\"4\">\n<p class=\"content-text__container \" data-track-category=\"Link no Texto\" data-track-links=\"\">A concession\u00e1ria informou que, em virtude da necessidade de ajustes operacionais, est\u00e1 programando o retorno dos hor\u00e1rios de Cocot\u00e1 praticados antes de janeiro de 2020, em 60 dias.<\/p>\n<\/div>\n<div class=\"mc-column content-text active-extra-styles \" data-block-type=\"unstyled\" data-block-weight=\"53\" data-block-id=\"5\">\n<p class=\"content-text__container \" data-track-category=\"Link no Texto\" data-track-links=\"\">A retomada dos hor\u00e1rios era um compromisso assumido com o governo do estado, ap\u00f3s homologa\u00e7\u00e3o judicial do acordo para a manuten\u00e7\u00e3o do servi\u00e7o de barcas.O governo anunciou que pagou na \u00faltima quinta-feria, a primeira parcela do acordo, que previa a retomada dos hor\u00e1rios de Paquet\u00e1 e Cocot\u00e1. A CCR Barcas confirmou recebimento.<\/p>\n<\/div>\n<div class=\"row medium-uncollapsed content-media content-photo\" data-block-type=\"backstage-photo\" data-block-id=\"6\">\n<div class=\"content-media-container glb-skeleton-box\">\n<div class=\"mc-column content-text active-extra-styles \" data-block-type=\"unstyled\" data-block-weight=\"56\" data-block-id=\"9\">\n<p class=\"content-text__container \" data-track-category=\"Link no Texto\" data-track-links=\"\">O processo para o pagamento da indeniza\u00e7\u00e3o se refere \u00e0 presta\u00e7\u00e3o de servi\u00e7os prestados nos \u00faltimos 25 anos e n\u00e3o inclui qualquer margem de lucro. Com o acordo, a Secretaria de Transporte e Mobilidade Urbana determinou que os hor\u00e1rios regulares das viagens fossem retomados em todas as linhas, inclusive nos finais de semana e feriados.<\/p>\n<\/div>\n<div class=\"mc-column content-text active-extra-styles \" data-block-type=\"unstyled\" data-block-weight=\"36\" data-block-id=\"11\">\n<p class=\"content-text__container \" data-track-category=\"Link no Texto\" data-track-links=\"\">Na ocasi\u00e3o, o secret\u00e1rio de transporte, Washington Reis disse que com o pagamento da primeira parcela tinha determinado a retomada imediata dos hor\u00e1rios de Cocot\u00e1 e Paquet\u00e1. A prioridade era retomar a grade praticada em 2019.<\/p>\n<\/div>\n<div data-track-category=\"multicontent\" data-track-action=\"ultimo chunk conteudo\" data-track-noninteraction=\"false\" data-track-scroll=\"view\">\n<div class=\"mc-column content-text active-extra-styles \" data-block-type=\"unstyled\" data-block-weight=\"31\" data-block-id=\"12\">\n<p class=\"content-text__container \" data-track-category=\"Link no Texto\" data-track-links=\"\">A parcela inicial de R$ 288.305.377,63, j\u00e1 corrigida, leva em conta a opera\u00e7\u00e3o durante o segundo quinqu\u00eanio (entre 2003 e 2008) e 25% do terceiro quinqu\u00eanio (entre 2008 e 2013).<\/p>\n<p data-track-category=\"Link no Texto\" data-track-links=\"\">Fonte: Jornal O Globo<\/p>\n<\/div>\n<\/div>\n<\/div>\n<\/div>\n","protected":false},"excerpt":{"rendered":"<p>A CCR Barcas informou que est\u00e1 retomando nesta quarta-feira a grade de hor\u00e1rios das embarca\u00e7\u00f5es com destino a Paquet\u00e1. Nos dias de semana, o servi\u00e7o&#8230;<\/p>\n","protected":false},"author":1527,"featured_media":44441,"comment_status":"closed","ping_status":"closed","sticky":false,"template":"","format":"standard","meta":{"footnotes":""},"categories":[6],"tags":[],"class_list":["post-44440","post","type-post","status-publish","format-standard","has-post-thumbnail","hentry","category-noticias"],"_links":{"self":[{"href":"https:\/\/www.sincomam.org.br\/index.php\/wp-json\/wp\/v2\/posts\/44440","targetHints":{"allow":["GET"]}}],"collection":[{"href":"https:\/\/www.sincomam.org.br\/index.php\/wp-json\/wp\/v2\/posts"}],"about":[{"href":"https:\/\/www.sincomam.org.br\/index.php\/wp-json\/wp\/v2\/types\/post"}],"author":[{"embeddable":true,"href":"https:\/\/www.sincomam.org.br\/index.php\/wp-json\/wp\/v2\/users\/1527"}],"replies":[{"embeddable":true,"href":"https:\/\/www.sincomam.org.br\/index.php\/wp-json\/wp\/v2\/comments?post=44440"}],"version-history":[{"count":2,"href":"https:\/\/www.sincomam.org.br\/index.php\/wp-json\/wp\/v2\/posts\/44440\/revisions"}],"predecessor-version":[{"id":44444,"href":"https:\/\/www.sincomam.org.br\/index.php\/wp-json\/wp\/v2\/posts\/44440\/revisions\/44444"}],"wp:featuredmedia":[{"embeddable":true,"href":"https:\/\/www.sincomam.org.br\/index.php\/wp-json\/wp\/v2\/media\/44441"}],"wp:attachment":[{"href":"https:\/\/www.sincomam.org.br\/index.php\/wp-json\/wp\/v2\/media?parent=44440"}],"wp:term":[{"taxonomy":"category","embeddable":true,"href":"https:\/\/www.sincomam.org.br\/index.php\/wp-json\/wp\/v2\/categories?post=44440"},{"taxonomy":"post_tag","embeddable":true,"href":"https:\/\/www.sincomam.org.br\/index.php\/wp-json\/wp\/v2\/tags?post=44440"}],"curies":[{"name":"wp","href":"https:\/\/api.w.org\/{rel}","templated":true}]}}