{"id":44402,"date":"2023-03-14T10:09:11","date_gmt":"2023-03-14T13:09:11","guid":{"rendered":"http:\/\/www.sincomam.org.br\/?p=44402"},"modified":"2023-03-14T10:09:11","modified_gmt":"2023-03-14T13:09:11","slug":"oito-estrangeiros-sao-detidos-em-navio-no-porto-de-paranagua","status":"publish","type":"post","link":"https:\/\/www.sincomam.org.br\/index.php\/oito-estrangeiros-sao-detidos-em-navio-no-porto-de-paranagua\/","title":{"rendered":"Oito estrangeiros s\u00e3o detidos em navio no Porto de Paranagu\u00e1"},"content":{"rendered":"<p>Oito estrangeiros que tentavam entrar clandestinamente em um navio cargueiro no Paran\u00e1 foram detidos no Porto de Paranagu\u00e1 pelas pol\u00edcias Federal e Civil paranaense.<img decoding=\"async\" src=\"https:\/\/agenciabrasil.ebc.com.br\/ebc.png?id=1516079&amp;o=node\" \/><img decoding=\"async\" src=\"https:\/\/agenciabrasil.ebc.com.br\/ebc.gif?id=1516079&amp;o=node\" \/><\/p>\n<p>Segundo a PF, os estrangeiros teriam entrado sem autoriza\u00e7\u00e3o na embarca\u00e7\u00e3o que tinha previs\u00e3o de escala no Porto de Abidj\u00e3, na Costa do Marfim, pa\u00eds africano de onde os homens diziam ser.<\/p>\n<p>\u201cAp\u00f3s os procedimentos de praxe, os estrangeiros permanecer\u00e3o sob a responsabilidade da ag\u00eancia mar\u00edtima representante do armador do navio, aguardando tr\u00e2mites do processo de repatria\u00e7\u00e3o ou de eventual pedido de ref\u00fagio\u201d, informou, em nota, a PF.<\/p>\n","protected":false},"excerpt":{"rendered":"<p>Oito estrangeiros que tentavam entrar clandestinamente em um navio cargueiro no Paran\u00e1 foram detidos no Porto de Paranagu\u00e1 pelas pol\u00edcias Federal e Civil paranaense. Segundo&#8230;<\/p>\n","protected":false},"author":1527,"featured_media":44403,"comment_status":"closed","ping_status":"closed","sticky":false,"template":"","format":"standard","meta":{"footnotes":""},"categories":[6],"tags":[],"class_list":["post-44402","post","type-post","status-publish","format-standard","has-post-thumbnail","hentry","category-noticias"],"_links":{"self":[{"href":"https:\/\/www.sincomam.org.br\/index.php\/wp-json\/wp\/v2\/posts\/44402","targetHints":{"allow":["GET"]}}],"collection":[{"href":"https:\/\/www.sincomam.org.br\/index.php\/wp-json\/wp\/v2\/posts"}],"about":[{"href":"https:\/\/www.sincomam.org.br\/index.php\/wp-json\/wp\/v2\/types\/post"}],"author":[{"embeddable":true,"href":"https:\/\/www.sincomam.org.br\/index.php\/wp-json\/wp\/v2\/users\/1527"}],"replies":[{"embeddable":true,"href":"https:\/\/www.sincomam.org.br\/index.php\/wp-json\/wp\/v2\/comments?post=44402"}],"version-history":[{"count":1,"href":"https:\/\/www.sincomam.org.br\/index.php\/wp-json\/wp\/v2\/posts\/44402\/revisions"}],"predecessor-version":[{"id":44404,"href":"https:\/\/www.sincomam.org.br\/index.php\/wp-json\/wp\/v2\/posts\/44402\/revisions\/44404"}],"wp:featuredmedia":[{"embeddable":true,"href":"https:\/\/www.sincomam.org.br\/index.php\/wp-json\/wp\/v2\/media\/44403"}],"wp:attachment":[{"href":"https:\/\/www.sincomam.org.br\/index.php\/wp-json\/wp\/v2\/media?parent=44402"}],"wp:term":[{"taxonomy":"category","embeddable":true,"href":"https:\/\/www.sincomam.org.br\/index.php\/wp-json\/wp\/v2\/categories?post=44402"},{"taxonomy":"post_tag","embeddable":true,"href":"https:\/\/www.sincomam.org.br\/index.php\/wp-json\/wp\/v2\/tags?post=44402"}],"curies":[{"name":"wp","href":"https:\/\/api.w.org\/{rel}","templated":true}]}}