{"id":44399,"date":"2023-03-14T10:08:10","date_gmt":"2023-03-14T13:08:10","guid":{"rendered":"http:\/\/www.sincomam.org.br\/?p=44399"},"modified":"2023-03-14T10:08:10","modified_gmt":"2023-03-14T13:08:10","slug":"capitania-dos-portos-do-rn-leva-capitania-itinerante-para-sao-rafael-e-itaja","status":"publish","type":"post","link":"https:\/\/www.sincomam.org.br\/index.php\/capitania-dos-portos-do-rn-leva-capitania-itinerante-para-sao-rafael-e-itaja\/","title":{"rendered":"Capitania dos Portos do RN leva \u201cCapitania Itinerante\u201d para S\u00e3o Rafael e Itaj\u00e1"},"content":{"rendered":"<p>A Capitania dos Portos do Rio Grande do Norte (CPRN) levou o projeto \u201cCapitania Itinerante\u201d para o munic\u00edpio de S\u00e3o Rafael e Itaj\u00e1, no per\u00edodo de 4 a 6 de mar\u00e7o. A a\u00e7\u00e3o tem o objetivo de ampliar a oferta de servi\u00e7os \u00e0s comunidades mar\u00edtimas localizadas em regi\u00f5es mais afastadas da \u00e1rea urbana de Natal.<\/p>\n<p>Durante a a\u00e7\u00e3o, foram realizadas revalida\u00e7\u00f5es de Cadernetas de Inscri\u00e7\u00e3o e Registro, al\u00e9m da emiss\u00e3o de certificados, totalizando 60 servi\u00e7os cartoriais protocolados. Al\u00e9m disso, pescadores locais foram orientados sobre a import\u00e2ncia da correta utiliza\u00e7\u00e3o de coletes salva-vidas e a dota\u00e7\u00e3o de equipamentos de salvatagem.<\/p>\n<p>Como complemento, foram realizadas a\u00e7\u00f5es de fiscaliza\u00e7\u00e3o do tr\u00e1fego aquavi\u00e1rio no munic\u00edpio de Itaj\u00e1, com o objetivo de fomentar a conscientiza\u00e7\u00e3o da popula\u00e7\u00e3o local sobre as normas de seguran\u00e7a vigentes.<\/p>\n<p class=\" aBigClassNameToAvoidCollisionInText\">O projeto \u201cCapitania Itinerante\u201d tem sido uma importante iniciativa da Capitania dos Portos do RN para levar servi\u00e7os e orienta\u00e7\u00f5es sobre seguran\u00e7a no mar para comunidades afastadas da \u00e1rea urbana. A a\u00e7\u00e3o visa a promo\u00e7\u00e3o da seguran\u00e7a da navega\u00e7\u00e3o, salvaguarda da vida humana no mar e preven\u00e7\u00e3o da polui\u00e7\u00e3o h\u00eddrica.<\/p>\n<div id=\"sas_45111\">Fonte: Defesa em Foco<\/div>\n<div id=\"video\"><\/div>\n<div class=\"td-g-rec td-g-rec-id-content_bottom td_uid_4_640f8f1c0f01f_rand td_block_template_11\"><\/div>\n","protected":false},"excerpt":{"rendered":"<p>A Capitania dos Portos do Rio Grande do Norte (CPRN) levou o projeto \u201cCapitania Itinerante\u201d para o munic\u00edpio de S\u00e3o Rafael e Itaj\u00e1, no per\u00edodo&#8230;<\/p>\n","protected":false},"author":1527,"featured_media":44400,"comment_status":"closed","ping_status":"closed","sticky":false,"template":"","format":"standard","meta":{"footnotes":""},"categories":[6],"tags":[],"class_list":["post-44399","post","type-post","status-publish","format-standard","has-post-thumbnail","hentry","category-noticias"],"_links":{"self":[{"href":"https:\/\/www.sincomam.org.br\/index.php\/wp-json\/wp\/v2\/posts\/44399","targetHints":{"allow":["GET"]}}],"collection":[{"href":"https:\/\/www.sincomam.org.br\/index.php\/wp-json\/wp\/v2\/posts"}],"about":[{"href":"https:\/\/www.sincomam.org.br\/index.php\/wp-json\/wp\/v2\/types\/post"}],"author":[{"embeddable":true,"href":"https:\/\/www.sincomam.org.br\/index.php\/wp-json\/wp\/v2\/users\/1527"}],"replies":[{"embeddable":true,"href":"https:\/\/www.sincomam.org.br\/index.php\/wp-json\/wp\/v2\/comments?post=44399"}],"version-history":[{"count":1,"href":"https:\/\/www.sincomam.org.br\/index.php\/wp-json\/wp\/v2\/posts\/44399\/revisions"}],"predecessor-version":[{"id":44401,"href":"https:\/\/www.sincomam.org.br\/index.php\/wp-json\/wp\/v2\/posts\/44399\/revisions\/44401"}],"wp:featuredmedia":[{"embeddable":true,"href":"https:\/\/www.sincomam.org.br\/index.php\/wp-json\/wp\/v2\/media\/44400"}],"wp:attachment":[{"href":"https:\/\/www.sincomam.org.br\/index.php\/wp-json\/wp\/v2\/media?parent=44399"}],"wp:term":[{"taxonomy":"category","embeddable":true,"href":"https:\/\/www.sincomam.org.br\/index.php\/wp-json\/wp\/v2\/categories?post=44399"},{"taxonomy":"post_tag","embeddable":true,"href":"https:\/\/www.sincomam.org.br\/index.php\/wp-json\/wp\/v2\/tags?post=44399"}],"curies":[{"name":"wp","href":"https:\/\/api.w.org\/{rel}","templated":true}]}}