{"id":44361,"date":"2023-03-10T00:36:06","date_gmt":"2023-03-10T03:36:06","guid":{"rendered":"http:\/\/www.sincomam.org.br\/?p=44361"},"modified":"2023-03-10T00:36:06","modified_gmt":"2023-03-10T03:36:06","slug":"diretores-da-antaq-realizam-primeira-reuniao-com-novo-secretario-de-portos-e-transportes-aquaviarios","status":"publish","type":"post","link":"https:\/\/www.sincomam.org.br\/index.php\/diretores-da-antaq-realizam-primeira-reuniao-com-novo-secretario-de-portos-e-transportes-aquaviarios\/","title":{"rendered":"Diretores da ANTAQ realizam primeira reuni\u00e3o com novo secret\u00e1rio de Portos e Transportes Aquavi\u00e1rios"},"content":{"rendered":"<p>A diretoria colegiada da Ag\u00eancia Nacional de Transportes Aquavi\u00e1rios (ANTAQ) realizou, nesta quinta-feira (9), uma reuni\u00e3o com o novo secret\u00e1rio Nacional de Portos e Transportes Aquavi\u00e1rios (SNPTA) do Minist\u00e9rio de Portos e Aeroportos, Fabrizio Pierdomenico.<\/p>\n<p>Este foi o primeiro encontro dos diretores com o titular da pasta desde a sua nomea\u00e7\u00e3o no\u00a0<a class=\"external-link\" title=\"\" href=\"https:\/\/pesquisa.in.gov.br\/imprensa\/jsp\/visualiza\/index.jsp?data=03\/03\/2023&amp;jornal=529&amp;pagina=3&amp;totalArquivos=121\" target=\"_self\" data-tippreview-enabled=\"false\" data-tippreview-image=\"\" data-tippreview-title=\"\" rel=\"noopener\">Di\u00e1rio Oficial da Uni\u00e3o (DOU)<\/a>, na \u00faltima sexta-feira (3). A reuni\u00e3o, que aconteceu na sede da Ag\u00eancia, teve como objetivo foi estreitar la\u00e7os entre o Minist\u00e9rio de Portos e Aeroportos e a ANTAQ. Al\u00e9m disso, buscar desburocratiza\u00e7\u00e3o e ganho de efic\u00e1cia processual para o setor aquavi\u00e1rio.<\/p>\n<p>De acordo com o diretor-geral da ANTAQ, Eduardo Nery, o encontro entre os diretores da autarquia com o Pierdomenico foi marcante na busca de uma atua\u00e7\u00e3o organizada para o desenvolvimento portu\u00e1rio e aquavi\u00e1rio.<\/p>\n<p>\u201cO secret\u00e1rio fez a sua primeira visita institucional na ag\u00eancia, um gesto que demonstra import\u00e2ncia para uma atua\u00e7\u00e3o integrada, harm\u00f4nica, t\u00e9cnica e com o objetivo de promover o desenvolvimento do setor portu\u00e1rio e aquavi\u00e1rio\u201d, disse.<\/p>\n<p>Ainda segundo Nery, tamb\u00e9m foram discutidos assuntos que envolvem as administra\u00e7\u00f5es portu\u00e1rias, t\u00f3pico considerado estrat\u00e9gico para o setor.<\/p>\n<p>\u201cDiscutimos v\u00e1rios pontos relacionados a diretrizes de pol\u00edtica p\u00fablica, como a promo\u00e7\u00e3o para intera\u00e7\u00e3o entre o minist\u00e9rio e secretaria de portos. Assumimos o compromisso de simplificar normas, acelerar a an\u00e1lise de processos e, consequentemente, diminuir a burocratiza\u00e7\u00e3o no setor como um todo\u201d, falou.<\/p>\n<p><b>A\u00e7\u00f5es e diretrizes<\/b><\/p>\n<p>Fabrizio Pierdomenico refor\u00e7ou que a reuni\u00e3o serviu para se apresentar oficialmente como secret\u00e1rio de Portos e buscar maior aproxima\u00e7\u00e3o entre os dois \u00f3rg\u00e3os. Al\u00e9m disso, afirmou que foram discutidas a\u00e7\u00f5es e diretrizes para os pr\u00f3ximos meses.<\/p>\n<p>\u201cAcabei de ser nomeado e me senti no dever e obriga\u00e7\u00e3o de me apresentar para a Ag\u00eancia e dizer que iremos estreitar os la\u00e7os na formula\u00e7\u00e3o e regula\u00e7\u00e3o da pol\u00edtica p\u00fablica. J\u00e1 colocamos alguns pontos importantes e que ser\u00e3o a nossa agenda para os pr\u00f3ximos 30 ou 40 dias. Faremos um esfor\u00e7o conjunto para diminuir burocracias e procedimentos para ades\u00e3o de contratos no menor tempo poss\u00edvel\u201d, comentou.<\/p>\n<p>Al\u00e9m do secret\u00e1rio de Portos e Transportes Aquavi\u00e1rios e do Diretor-Geral da ANTAQ, a reuni\u00e3o contou com os diretores, Lima Filho, Alber Vasconcelos e Caio Farias.<\/p>\n<p>Fonte: Antaq<\/p>\n","protected":false},"excerpt":{"rendered":"<p>A diretoria colegiada da Ag\u00eancia Nacional de Transportes Aquavi\u00e1rios (ANTAQ) realizou, nesta quinta-feira (9), uma reuni\u00e3o com o novo secret\u00e1rio Nacional de Portos e Transportes&#8230;<\/p>\n","protected":false},"author":1527,"featured_media":44362,"comment_status":"closed","ping_status":"closed","sticky":false,"template":"","format":"standard","meta":{"footnotes":""},"categories":[6],"tags":[],"class_list":["post-44361","post","type-post","status-publish","format-standard","has-post-thumbnail","hentry","category-noticias"],"_links":{"self":[{"href":"https:\/\/www.sincomam.org.br\/index.php\/wp-json\/wp\/v2\/posts\/44361","targetHints":{"allow":["GET"]}}],"collection":[{"href":"https:\/\/www.sincomam.org.br\/index.php\/wp-json\/wp\/v2\/posts"}],"about":[{"href":"https:\/\/www.sincomam.org.br\/index.php\/wp-json\/wp\/v2\/types\/post"}],"author":[{"embeddable":true,"href":"https:\/\/www.sincomam.org.br\/index.php\/wp-json\/wp\/v2\/users\/1527"}],"replies":[{"embeddable":true,"href":"https:\/\/www.sincomam.org.br\/index.php\/wp-json\/wp\/v2\/comments?post=44361"}],"version-history":[{"count":1,"href":"https:\/\/www.sincomam.org.br\/index.php\/wp-json\/wp\/v2\/posts\/44361\/revisions"}],"predecessor-version":[{"id":44363,"href":"https:\/\/www.sincomam.org.br\/index.php\/wp-json\/wp\/v2\/posts\/44361\/revisions\/44363"}],"wp:featuredmedia":[{"embeddable":true,"href":"https:\/\/www.sincomam.org.br\/index.php\/wp-json\/wp\/v2\/media\/44362"}],"wp:attachment":[{"href":"https:\/\/www.sincomam.org.br\/index.php\/wp-json\/wp\/v2\/media?parent=44361"}],"wp:term":[{"taxonomy":"category","embeddable":true,"href":"https:\/\/www.sincomam.org.br\/index.php\/wp-json\/wp\/v2\/categories?post=44361"},{"taxonomy":"post_tag","embeddable":true,"href":"https:\/\/www.sincomam.org.br\/index.php\/wp-json\/wp\/v2\/tags?post=44361"}],"curies":[{"name":"wp","href":"https:\/\/api.w.org\/{rel}","templated":true}]}}