{"id":44341,"date":"2023-03-09T09:44:03","date_gmt":"2023-03-09T12:44:03","guid":{"rendered":"http:\/\/www.sincomam.org.br\/?p=44341"},"modified":"2023-03-09T09:44:03","modified_gmt":"2023-03-09T12:44:03","slug":"antaq-e-tcu-assinam-cooperacao-tecnica-para-capacitacao-de-seus-servidores","status":"publish","type":"post","link":"https:\/\/www.sincomam.org.br\/index.php\/antaq-e-tcu-assinam-cooperacao-tecnica-para-capacitacao-de-seus-servidores\/","title":{"rendered":"ANTAQ e TCU assinam Coopera\u00e7\u00e3o T\u00e9cnica para capacita\u00e7\u00e3o de seus servidores"},"content":{"rendered":"<p>Ag\u00eancia Nacional de Transportes Aquavi\u00e1rios (ANTAQ) e o Tribunal de Contas da Uni\u00e3o (TCU) assinaram, nesta quarta-feira (8), um Acordo de Coopera\u00e7\u00e3o T\u00e9cnica (ACT) para promover o interc\u00e2mbio de experi\u00eancias t\u00e9cnico-cient\u00edficas entre os \u00f3rg\u00e3os. Esse \u00e9 o primeiro tratado de coopera\u00e7\u00e3o entre as partes e ser\u00e1 publicado no Di\u00e1rio Oficial da Uni\u00e3o (DOU) nos pr\u00f3ximos dias.<\/p>\n<p>O objetivo do ACT \u00e9 estabelecer a troca de informa\u00e7\u00f5es e tecnologias visando a capacita\u00e7\u00e3o, aperfei\u00e7oamento e a especializa\u00e7\u00e3o t\u00e9cnica de recursos humanos, ao desenvolvimento institucional e de interesse comum entre as institui\u00e7\u00f5es.<\/p>\n<p>A cerim\u00f4nia de assinatura contou com a presen\u00e7a do diretor-geral da ANTAQ, Eduardo Nery, e do presidente do TCU, Bruno Dantas. Segundo Nery, o acordo possibilitar\u00e1 que a autarquia troque experi\u00eancias de compartilhamento das melhores pr\u00e1ticas de gest\u00e3o com o tribunal, o que trar\u00e1 ganhos para a autarquia.<\/p>\n<p>\u201cEsse acordo de coopera\u00e7\u00e3o n\u00e3o s\u00f3 representa a troca de informa\u00e7\u00f5es e avan\u00e7os na nossa \u00e1rea tecnol\u00f3gica, mas os compartilhamentos de experi\u00eancias com o tribunal que est\u00e1 no topo da governan\u00e7a do pa\u00eds, tendo mais de 150 anos de viv\u00eancia, e que n\u00e3o para de se aperfei\u00e7oar. Isso possibilitar\u00e1 que a Ag\u00eancia atinja maiores graus de maturidade regulat\u00f3ria fortalecendo ainda mais a nossa institui\u00e7\u00e3o\u201d, disse.<\/p>\n<p>J\u00e1 o ministro Bruno Dantas salientou que o acordo possibilita a abertura de cursos promovidos pelo Instituto Serzedello Corr\u00eaa (ISC), com a supervis\u00e3o da Secretaria-Geral da Presid\u00eancia (Segepres), permitindo uma capacita\u00e7\u00e3o de refer\u00eancia para os servidores da ANTAQ.<\/p>\n<p>\u201cTivemos a chance de assinar esse acordo de coopera\u00e7\u00e3o para troca de informa\u00e7\u00f5es e capacita\u00e7\u00f5es de servidores. O TCU tem uma escola que \u00e9 refer\u00eancia no Brasil pelos seus cursos prestados. Permitir que os servidores da ANTAQ possam participar dos programas de capacita\u00e7\u00e3o promovidos pela nossa universidade corporativa \u00e9 algo que render\u00e1 bons frutos para a regula\u00e7\u00e3o e para Brasil. Se a Ag\u00eancia funcionar bem, aperfei\u00e7oamos toda a estrutura aquavi\u00e1ria nacional\u201d, falou.<\/p>\n<p><b>Previs\u00f5es do ACT<\/b><\/p>\n<p>Entre os principais ganhos trazidos pelo acordo est\u00e1 a promo\u00e7\u00e3o de atividades conjuntas para o desenvolvimento de metodologias e solu\u00e7\u00f5es inovadoras de interesse comum entre as partes. Busca-se assim estimular inova\u00e7\u00f5es e aperfei\u00e7oamentos t\u00e9cnicos dos instrumentos de controle e gest\u00e3o governamental.<\/p>\n<p>Al\u00e9m disso, o ACT prev\u00ea a possibilidade de realiza\u00e7\u00e3o de cursos de capacita\u00e7\u00e3o e de desenvolvimento profissional promovidos entre os \u00f3rg\u00e3os, al\u00e9m de libera\u00e7\u00f5es para palestras e aulas. Tamb\u00e9m permite a troca de recursos e materiais destinados a atividades de ensino, pesquisa e extens\u00e3o.<\/p>\n<p>Fonte: Antaq<\/p>\n","protected":false},"excerpt":{"rendered":"<p>Ag\u00eancia Nacional de Transportes Aquavi\u00e1rios (ANTAQ) e o Tribunal de Contas da Uni\u00e3o (TCU) assinaram, nesta quarta-feira (8), um Acordo de Coopera\u00e7\u00e3o T\u00e9cnica (ACT) para&#8230;<\/p>\n","protected":false},"author":1527,"featured_media":44342,"comment_status":"closed","ping_status":"closed","sticky":false,"template":"","format":"standard","meta":{"footnotes":""},"categories":[6],"tags":[],"class_list":["post-44341","post","type-post","status-publish","format-standard","has-post-thumbnail","hentry","category-noticias"],"_links":{"self":[{"href":"https:\/\/www.sincomam.org.br\/index.php\/wp-json\/wp\/v2\/posts\/44341","targetHints":{"allow":["GET"]}}],"collection":[{"href":"https:\/\/www.sincomam.org.br\/index.php\/wp-json\/wp\/v2\/posts"}],"about":[{"href":"https:\/\/www.sincomam.org.br\/index.php\/wp-json\/wp\/v2\/types\/post"}],"author":[{"embeddable":true,"href":"https:\/\/www.sincomam.org.br\/index.php\/wp-json\/wp\/v2\/users\/1527"}],"replies":[{"embeddable":true,"href":"https:\/\/www.sincomam.org.br\/index.php\/wp-json\/wp\/v2\/comments?post=44341"}],"version-history":[{"count":1,"href":"https:\/\/www.sincomam.org.br\/index.php\/wp-json\/wp\/v2\/posts\/44341\/revisions"}],"predecessor-version":[{"id":44343,"href":"https:\/\/www.sincomam.org.br\/index.php\/wp-json\/wp\/v2\/posts\/44341\/revisions\/44343"}],"wp:featuredmedia":[{"embeddable":true,"href":"https:\/\/www.sincomam.org.br\/index.php\/wp-json\/wp\/v2\/media\/44342"}],"wp:attachment":[{"href":"https:\/\/www.sincomam.org.br\/index.php\/wp-json\/wp\/v2\/media?parent=44341"}],"wp:term":[{"taxonomy":"category","embeddable":true,"href":"https:\/\/www.sincomam.org.br\/index.php\/wp-json\/wp\/v2\/categories?post=44341"},{"taxonomy":"post_tag","embeddable":true,"href":"https:\/\/www.sincomam.org.br\/index.php\/wp-json\/wp\/v2\/tags?post=44341"}],"curies":[{"name":"wp","href":"https:\/\/api.w.org\/{rel}","templated":true}]}}