{"id":44338,"date":"2023-03-09T09:29:19","date_gmt":"2023-03-09T12:29:19","guid":{"rendered":"http:\/\/www.sincomam.org.br\/?p=44338"},"modified":"2023-03-09T09:29:19","modified_gmt":"2023-03-09T12:29:19","slug":"alerj-vai-cobrar-retomada-dos-horarios-das-barcas-antes-da-pandemia","status":"publish","type":"post","link":"https:\/\/www.sincomam.org.br\/index.php\/alerj-vai-cobrar-retomada-dos-horarios-das-barcas-antes-da-pandemia\/","title":{"rendered":"Alerj vai cobrar retomada dos hor\u00e1rios das barcas antes da pandemia"},"content":{"rendered":"<div class=\"texto\">A Comiss\u00e3o de Transportes da Assembleia Legislativa do Estado do Rio de Janeiro (Alerj) vai cobrar a retomada dos hor\u00e1rios praticados antes da pandemia. O an\u00fancio foi feito durante audi\u00eancia p\u00fablica realizada na \u00faltima ter\u00e7a-feira, (07\/03), para debater a situa\u00e7\u00e3o do servi\u00e7o de transporte aquavi\u00e1rio.<\/div>\n<div class=\"texto\">\u201cVamos cobrar da CCR Barcas o cumprimento do contrato e a melhoria dos servi\u00e7os para a popula\u00e7\u00e3o. E a principal reivindica\u00e7\u00e3o \u00e9 a mudan\u00e7a dos hor\u00e1rios. N\u00e3o \u00e9 mais poss\u00edvel essa empresa ficar dizendo que n\u00e3o vai mais atender \u00e0 popula\u00e7\u00e3o\u201d, declarou o presidente da comiss\u00e3o, deputado Dion\u00edsio Lins (PP).<\/p>\n<p>Os parlamentares ouviram usu\u00e1rios das barcas que enfatizaram os problemas do servi\u00e7o prestado. De acordo com a representante do Conselho Comunit\u00e1rio de Seguran\u00e7a da Ilha do Governador, Patr\u00edcia Salvador, os hor\u00e1rios da linha de Cocot\u00e1 solicitou o retorno dos hor\u00e1rios anteriores \u00e0 pandemia.<\/p><\/div>\n<div><\/div>\n<div>\u201cTivemos um grande aumento no n\u00famero de moradores da Ilha do Governador e na contram\u00e3o aconteceu a redu\u00e7\u00e3o dos hor\u00e1rios das barcas para a regi\u00e3o. Os hor\u00e1rios que temos hoje n\u00e3o atende aos moradores. A concession\u00e1ria desestimula a popula\u00e7\u00e3o a usar o transporte aquavi\u00e1rio por conta tamb\u00e9m dos hor\u00e1rios e com os constantes atrasos, al\u00e9m de n\u00e3o termos integra\u00e7\u00e3o com \u00f4nibus\u201d, pontuou Patr\u00edcia.<\/div>\n<div><\/div>\n<div>Para o representante da Associa\u00e7\u00e3o de Moradores de Paquet\u00e1, Jos\u00e9 Augusto Pires, os usu\u00e1rios n\u00e3o comemoram o acordo fechado entre o Governo e a Concession\u00e1ria CCR Barcas. \u201cN\u00f3s moradores de Paquet\u00e1 dependemos 100% das barcas. E queremos saber qual o prazo para o retorno dos hor\u00e1rios anteriores \u00e0 pandemia, inclusive nos fins de semana para garantia do Turismo\u201d, ressaltou.<\/p>\n<p>Segundo o representante dos passageiros de Niter\u00f3i, Luciano Alvarenga, a redu\u00e7\u00e3o de hor\u00e1rios, o aumento da tarifa e a m\u00e1 presta\u00e7\u00e3o do servi\u00e7o s\u00e3o respons\u00e1veis pela queda no n\u00famero de usu\u00e1rios do sistema transportados. \u201cEm 2019 t\u00ednhamos 20 milh\u00f5es de pessoas usando as barcas e em 2022 o n\u00famero n\u00e3o alcan\u00e7ou 10 milh\u00f5es. Isso \u00e9 resultado dos p\u00e9ssimos servi\u00e7os prestados\u201d, comentou o advogado.<\/p><\/div>\n<div><\/div>\n<div>O vice-presidente da Comiss\u00e3o de Transportes, deputado Rosenverg Reis (MDB), disse que apresentou um projeto de lei para isentar os moradores de Paquet\u00e1 da tarifa das barcas. \u201cTemos muito que debater ainda esse projeto. Mas o governo aportaria recursos para garantir a gratuidade. E com a melhora do servi\u00e7o e a retomada do n\u00famero de passageiros em outras linhas fica mais f\u00e1cil garantir a gratuidade para Paquet\u00e1\u201d, detalhou o parlamentar.<\/p>\n<p>A deputada Dani Balbi (PCdoB) destacou os p\u00e9ssimos servi\u00e7os prestados pela concession\u00e1ria e a necessidade de revis\u00e3o do modelo de concess\u00e3o das Barcas: \u201cTemos nos \u00faltimos anos aumentos injustificados da tarifa dos transportes aquavi\u00e1rios ao mesmo tempo que a piora no servi\u00e7o. Discordamos do pagamento pelo governo pelo alargamento da concess\u00e3o que n\u00e3o vem atendendo a popula\u00e7\u00e3o\u201d.<\/p>\n<p>A superintendente de transporte aquavi\u00e1rio da Secretaria de Transportes, Caroline Gonzaga, falou sobre a nova modelagem da concess\u00e3o do servi\u00e7o e da retomada dos hor\u00e1rios para os ofertados antes da pandemia. \u201cTemos uma cl\u00e1usula que garante a volta dos hor\u00e1rios anteriores \u00e0 pandemia ap\u00f3s o primeiro pagamento do acordo. N\u00e3o sei dizer o prazo, mas estamos trabalhando nisso. A modelagem da nova concess\u00e3o proposta pela UFRJ ser\u00e1 entregue at\u00e9 o final de abril deste ano e teremos um novo operador do sistema at\u00e9 o fim do ano\u201d, ratificou Gonzaga.<\/p><\/div>\n<div><\/div>\n<div>Fonte: Jornal O Dia<\/div>\n","protected":false},"excerpt":{"rendered":"<p>A Comiss\u00e3o de Transportes da Assembleia Legislativa do Estado do Rio de Janeiro (Alerj) vai cobrar a retomada dos hor\u00e1rios praticados antes da pandemia. O&#8230;<\/p>\n","protected":false},"author":1527,"featured_media":44339,"comment_status":"closed","ping_status":"closed","sticky":false,"template":"","format":"standard","meta":{"footnotes":""},"categories":[6],"tags":[],"class_list":["post-44338","post","type-post","status-publish","format-standard","has-post-thumbnail","hentry","category-noticias"],"_links":{"self":[{"href":"https:\/\/www.sincomam.org.br\/index.php\/wp-json\/wp\/v2\/posts\/44338","targetHints":{"allow":["GET"]}}],"collection":[{"href":"https:\/\/www.sincomam.org.br\/index.php\/wp-json\/wp\/v2\/posts"}],"about":[{"href":"https:\/\/www.sincomam.org.br\/index.php\/wp-json\/wp\/v2\/types\/post"}],"author":[{"embeddable":true,"href":"https:\/\/www.sincomam.org.br\/index.php\/wp-json\/wp\/v2\/users\/1527"}],"replies":[{"embeddable":true,"href":"https:\/\/www.sincomam.org.br\/index.php\/wp-json\/wp\/v2\/comments?post=44338"}],"version-history":[{"count":1,"href":"https:\/\/www.sincomam.org.br\/index.php\/wp-json\/wp\/v2\/posts\/44338\/revisions"}],"predecessor-version":[{"id":44340,"href":"https:\/\/www.sincomam.org.br\/index.php\/wp-json\/wp\/v2\/posts\/44338\/revisions\/44340"}],"wp:featuredmedia":[{"embeddable":true,"href":"https:\/\/www.sincomam.org.br\/index.php\/wp-json\/wp\/v2\/media\/44339"}],"wp:attachment":[{"href":"https:\/\/www.sincomam.org.br\/index.php\/wp-json\/wp\/v2\/media?parent=44338"}],"wp:term":[{"taxonomy":"category","embeddable":true,"href":"https:\/\/www.sincomam.org.br\/index.php\/wp-json\/wp\/v2\/categories?post=44338"},{"taxonomy":"post_tag","embeddable":true,"href":"https:\/\/www.sincomam.org.br\/index.php\/wp-json\/wp\/v2\/tags?post=44338"}],"curies":[{"name":"wp","href":"https:\/\/api.w.org\/{rel}","templated":true}]}}