{"id":44292,"date":"2023-03-07T11:01:05","date_gmt":"2023-03-07T14:01:05","guid":{"rendered":"http:\/\/www.sincomam.org.br\/?p=44292"},"modified":"2023-03-07T11:01:05","modified_gmt":"2023-03-07T14:01:05","slug":"nam-atlantico-retorna-para-sao-sebastiao-apos-reabastecimento","status":"publish","type":"post","link":"https:\/\/www.sincomam.org.br\/index.php\/nam-atlantico-retorna-para-sao-sebastiao-apos-reabastecimento\/","title":{"rendered":"NAM Atl\u00e2ntico retorna para S\u00e3o Sebasti\u00e3o ap\u00f3s reabastecimento"},"content":{"rendered":"<p>Desde o final de fevereiro, o Navio-Aer\u00f3dromo Multiprop\u00f3sito \u2018Atl\u00e2ntico\u2019 (NAM) est\u00e1 auxiliando na opera\u00e7\u00e3o humanit\u00e1ria em S\u00e3o Sebasti\u00e3o, no litoral norte de S\u00e3o Paulo. O navio da Marinha do Brasil chegou \u00e0 regi\u00e3o para prestar apoio ap\u00f3s as fortes chuvas que atingiram o munic\u00edpio, causando inunda\u00e7\u00f5es e deslizamentos de terra.<\/p>\n<p>Al\u00e9m de servir como base para o Hospital de Campanha montado na cidade, o NAM tamb\u00e9m est\u00e1 apoiando a desobstru\u00e7\u00e3o de vias e o transporte de donativos para as \u00e1reas afetadas. Durante o fim de semana, mesmo com a realoca\u00e7\u00e3o para o porto de Santos por raz\u00f5es log\u00edsticas, as atividades continuaram normalmente.<\/p>\n<p>O comandante do Grupo-Tarefa respons\u00e1vel pela opera\u00e7\u00e3o, contra-almirante Cardoso, afirmou que a ida do navio para Santos foi apenas para se preparar para permanecer mais dias no munic\u00edpio e continuar prestando apoio \u00e0 popula\u00e7\u00e3o. A opera\u00e7\u00e3o j\u00e1 est\u00e1 em andamento h\u00e1 mais de 10 dias e seguir\u00e1 at\u00e9 que o estado de calamidade seja superado.<\/p>\n<p>A participa\u00e7\u00e3o do NAM em opera\u00e7\u00f5es humanit\u00e1rias \u00e9 mais um exemplo do papel fundamental que a Marinha do Brasil desempenha em momentos de crise e emerg\u00eancia, demonstrando a import\u00e2ncia da institui\u00e7\u00e3o para a seguran\u00e7a e bem-estar da popula\u00e7\u00e3o.<\/p>\n<p>Fonte: Defesa em Foco<\/p>\n","protected":false},"excerpt":{"rendered":"<p>Desde o final de fevereiro, o Navio-Aer\u00f3dromo Multiprop\u00f3sito \u2018Atl\u00e2ntico\u2019 (NAM) est\u00e1 auxiliando na opera\u00e7\u00e3o humanit\u00e1ria em S\u00e3o Sebasti\u00e3o, no litoral norte de S\u00e3o Paulo. O&#8230;<\/p>\n","protected":false},"author":1527,"featured_media":44293,"comment_status":"closed","ping_status":"closed","sticky":false,"template":"","format":"standard","meta":{"footnotes":""},"categories":[6],"tags":[],"class_list":["post-44292","post","type-post","status-publish","format-standard","has-post-thumbnail","hentry","category-noticias"],"_links":{"self":[{"href":"https:\/\/www.sincomam.org.br\/index.php\/wp-json\/wp\/v2\/posts\/44292","targetHints":{"allow":["GET"]}}],"collection":[{"href":"https:\/\/www.sincomam.org.br\/index.php\/wp-json\/wp\/v2\/posts"}],"about":[{"href":"https:\/\/www.sincomam.org.br\/index.php\/wp-json\/wp\/v2\/types\/post"}],"author":[{"embeddable":true,"href":"https:\/\/www.sincomam.org.br\/index.php\/wp-json\/wp\/v2\/users\/1527"}],"replies":[{"embeddable":true,"href":"https:\/\/www.sincomam.org.br\/index.php\/wp-json\/wp\/v2\/comments?post=44292"}],"version-history":[{"count":1,"href":"https:\/\/www.sincomam.org.br\/index.php\/wp-json\/wp\/v2\/posts\/44292\/revisions"}],"predecessor-version":[{"id":44294,"href":"https:\/\/www.sincomam.org.br\/index.php\/wp-json\/wp\/v2\/posts\/44292\/revisions\/44294"}],"wp:featuredmedia":[{"embeddable":true,"href":"https:\/\/www.sincomam.org.br\/index.php\/wp-json\/wp\/v2\/media\/44293"}],"wp:attachment":[{"href":"https:\/\/www.sincomam.org.br\/index.php\/wp-json\/wp\/v2\/media?parent=44292"}],"wp:term":[{"taxonomy":"category","embeddable":true,"href":"https:\/\/www.sincomam.org.br\/index.php\/wp-json\/wp\/v2\/categories?post=44292"},{"taxonomy":"post_tag","embeddable":true,"href":"https:\/\/www.sincomam.org.br\/index.php\/wp-json\/wp\/v2\/tags?post=44292"}],"curies":[{"name":"wp","href":"https:\/\/api.w.org\/{rel}","templated":true}]}}