{"id":44281,"date":"2023-03-06T09:49:16","date_gmt":"2023-03-06T12:49:16","guid":{"rendered":"http:\/\/www.sincomam.org.br\/?p=44281"},"modified":"2023-03-06T09:49:16","modified_gmt":"2023-03-06T12:49:16","slug":"deputados-do-rio-podem-propor-intervencao-na-ccr-barcas-caso-empresa-interrompa-servicos","status":"publish","type":"post","link":"https:\/\/www.sincomam.org.br\/index.php\/deputados-do-rio-podem-propor-intervencao-na-ccr-barcas-caso-empresa-interrompa-servicos\/","title":{"rendered":"Deputados do Rio podem propor interven\u00e7\u00e3o na CCR Barcas, caso empresa interrompa servi\u00e7os"},"content":{"rendered":"<p>A Frente Parlamentar de Transporte Aquavi\u00e1rio da Assembleia Legislativa do Rio de Janeiro (Alerj) anunciou que pode propor a interven\u00e7\u00e3o do Estado na CCR Barcas, caso a empresa interrompa o atendimento \u00e0 popula\u00e7\u00e3o, o que estava previsto para ocorrer a partir da sexta-feira (2).<\/p>\n<p>Segundo o presidente da frente parlamentar, deputado Fl\u00e1vio Serafini (PSOL), o colegiado poder\u00e1 propor projeto de lei caso a CCR Barcas venha, de fato, a interromper o servi\u00e7o, como vem sinalizando.<\/p>\n<p>Para Serafini, existem tr\u00eas alternativas para a solu\u00e7\u00e3o do problema \u2013 a CCR Barcas quer devolver a concess\u00e3o ao governo do Estado e prop\u00f4s uma redu\u00e7\u00e3o no n\u00famero de viagens como alternativa \u00e0 suspens\u00e3o dos servi\u00e7os.<\/p>\n<p>&#8220;[A primeira alternativa seria] O governo promover uma chamada p\u00fablica, sendo que nesse caso h\u00e1 o risco de n\u00e3o aparecer ningu\u00e9m; [a segunda seria] intervir e assumir a gest\u00e3o; ou ir \u00e0 Justi\u00e7a para obrigar a CCR a continuar operando enquanto n\u00e3o definir a nova opera\u00e7\u00e3o\u201d, disse Serafini.<\/p>\n<p>O deputado afirmou ainda que o governo estadual optou por assumir uma d\u00edvida de R$ 1 bilh\u00e3o que, segundo ele, j\u00e1 foi considerada nula pelo Superior Tribunal de Justi\u00e7a (STJ).<\/p>\n<p>&#8220;Pedimos ao Minist\u00e9rio P\u00fablico que investigue isso. O Estado est\u00e1 sendo pressionado pela concession\u00e1ria, que amea\u00e7a paralisar os servi\u00e7os, se n\u00e3o assinar o reconhecimento de uma suposta d\u00edvida. Esse valor \u00e9 suficiente para operar com tarifa zero por cinco anos para a popula\u00e7\u00e3o&#8221;, afirmou.<\/p>\n<p>Na quinta-feira (2), a Justi\u00e7a do Rio de Janeiro deferiu a homologa\u00e7\u00e3o de acordo entre a empresa e o Estado que encerra o contrato de concess\u00e3o do servi\u00e7o, firmado em 1998.<\/p>\n<p>Segundo a empresa, o Estado reconheceu a obriga\u00e7\u00e3o de indenizar a CCR Barcas pelos custos operacionais relacionados \u00e0 presta\u00e7\u00e3o dos servi\u00e7os p\u00fablicos previstos no contrato, referentes ao segundo, terceiro e quarto quinqu\u00eanios de sua vig\u00eancia.<\/p>\n<p>Fonte: O Valor<\/p>\n","protected":false},"excerpt":{"rendered":"<p>A Frente Parlamentar de Transporte Aquavi\u00e1rio da Assembleia Legislativa do Rio de Janeiro (Alerj) anunciou que pode propor a interven\u00e7\u00e3o do Estado na CCR Barcas,&#8230;<\/p>\n","protected":false},"author":1527,"featured_media":44145,"comment_status":"closed","ping_status":"closed","sticky":false,"template":"","format":"standard","meta":{"footnotes":""},"categories":[6],"tags":[],"class_list":["post-44281","post","type-post","status-publish","format-standard","has-post-thumbnail","hentry","category-noticias"],"_links":{"self":[{"href":"https:\/\/www.sincomam.org.br\/index.php\/wp-json\/wp\/v2\/posts\/44281","targetHints":{"allow":["GET"]}}],"collection":[{"href":"https:\/\/www.sincomam.org.br\/index.php\/wp-json\/wp\/v2\/posts"}],"about":[{"href":"https:\/\/www.sincomam.org.br\/index.php\/wp-json\/wp\/v2\/types\/post"}],"author":[{"embeddable":true,"href":"https:\/\/www.sincomam.org.br\/index.php\/wp-json\/wp\/v2\/users\/1527"}],"replies":[{"embeddable":true,"href":"https:\/\/www.sincomam.org.br\/index.php\/wp-json\/wp\/v2\/comments?post=44281"}],"version-history":[{"count":1,"href":"https:\/\/www.sincomam.org.br\/index.php\/wp-json\/wp\/v2\/posts\/44281\/revisions"}],"predecessor-version":[{"id":44282,"href":"https:\/\/www.sincomam.org.br\/index.php\/wp-json\/wp\/v2\/posts\/44281\/revisions\/44282"}],"wp:featuredmedia":[{"embeddable":true,"href":"https:\/\/www.sincomam.org.br\/index.php\/wp-json\/wp\/v2\/media\/44145"}],"wp:attachment":[{"href":"https:\/\/www.sincomam.org.br\/index.php\/wp-json\/wp\/v2\/media?parent=44281"}],"wp:term":[{"taxonomy":"category","embeddable":true,"href":"https:\/\/www.sincomam.org.br\/index.php\/wp-json\/wp\/v2\/categories?post=44281"},{"taxonomy":"post_tag","embeddable":true,"href":"https:\/\/www.sincomam.org.br\/index.php\/wp-json\/wp\/v2\/tags?post=44281"}],"curies":[{"name":"wp","href":"https:\/\/api.w.org\/{rel}","templated":true}]}}