{"id":44263,"date":"2023-03-03T09:36:07","date_gmt":"2023-03-03T12:36:07","guid":{"rendered":"http:\/\/www.sincomam.org.br\/?p=44263"},"modified":"2023-03-03T09:36:07","modified_gmt":"2023-03-03T12:36:07","slug":"fgts-nascidos-em-marco-poderao-aderir-ao-saque-aniversario","status":"publish","type":"post","link":"https:\/\/www.sincomam.org.br\/index.php\/fgts-nascidos-em-marco-poderao-aderir-ao-saque-aniversario\/","title":{"rendered":"FGTS: Nascidos Em Mar\u00e7o Poder\u00e3o Aderir Ao Saque-Anivers\u00e1rio"},"content":{"rendered":"<p>Por enquanto o trabalhador ainda pode solicitar o saque-anivers\u00e1rio do FGTS (Fundo de Garantia do Tempo de Servi\u00e7o). Neste m\u00eas, os nascidos em mar\u00e7o poder\u00e3o ter acesso a modalidade.<\/p>\n<p>O saque-anivers\u00e1rio permite\u00a0que o trabalhador possa uma vez por ano, no m\u00eas de seu anivers\u00e1rio, sacar parte do saldo do seu FGTS.<\/p>\n<p>Para ter direito ao saque, \u00e9 necess\u00e1rio fazer migra\u00e7\u00e3o no site ou aplicativo do FGTS, tamb\u00e9m \u00e9 poss\u00edvel ir a uma das ag\u00eancias da Caixa Econ\u00f4mica Federal. No entanto, quem adere ao saque-anivers\u00e1rio perde o direito de sacar o saldo total do Fundo de Garantia em caso de demiss\u00e3o sem justa causa. Tendo direito apenas a multa rescis\u00f3ria de 40%.<\/p>\n<p>O trabalhador pode desistir do saque-anivers\u00e1rio, por\u00e9m, a regra exige que ele espere pelo menos 24 meses antes de reverter a mudan\u00e7a.<\/p>\n<h2 id=\"h-calendario-do-saque-aniversario-do-fgts-2023\">Calend\u00e1rio do saque-anivers\u00e1rio do FGTS \u2013 2023<\/h2>\n<p>Lembrando que para voc\u00ea aderir ao saque-anivers\u00e1rio, precisa ficar atento ao prazo para fazer o pedido, ele termina sempre no \u00faltimo dia do m\u00eas de nascimento do trabalhador.<\/p>\n<div id=\"jorna-1397457062\" class=\"jorna-amp-4\"><\/div>\n<p>O dinheiro pode ser retirado em at\u00e9 tr\u00eas meses, come\u00e7ando no primeiro dia \u00fatil do m\u00eas de anivers\u00e1rio e terminando no \u00faltimo dia \u00fatil do segundo m\u00eas subsequente. Quem nasceu em mar\u00e7o t\u00eam at\u00e9 o dia 31 de maio para retirar a grana.<\/p>\n<p><strong>Confira o calend\u00e1rio completo:<\/strong><\/p>\n<ul>\n<li>Nascidos em janeiro: de 2 de janeiro a 31 de mar\u00e7o de 2023<\/li>\n<li>Nascidos em fevereiro: de 1\u00ba de fevereiro a 28 de abril de 2023<\/li>\n<li><strong><em>Nascidos em mar\u00e7o: de 1\u00ba de mar\u00e7o a 31 de maio de 2023<\/em><\/strong><\/li>\n<li>Nascidos em abril: de 3 de abril a 30 de junho de 2023<\/li>\n<li>Nascidos em maio: de 2 de maio a 31 de julho de 2023<\/li>\n<li>Nascidos em junho: de 1\u00ba de junho a 31 de agosto de 2023<\/li>\n<li>Nascidos em julho: de 3 de julho a 29 de setembro de 2023<\/li>\n<li>Nascidos em agosto: de 1\u00ba de agosto a 31 de outubro de 2023<\/li>\n<li>Nascidos em setembro: de 1\u00ba setembro a 30 de novembro de 2023<\/li>\n<li>Nascidos em outubro: de 2 de outubro a 29 de dezembro de 2023<\/li>\n<li>Nascidos em novembro: de 1\u00ba de novembro de 2023 a 31 de janeiro de 2024<\/li>\n<li>Nascidos em dezembro: de 1\u00ba de dezembro de 2023 a 29 de fevereiro de 2024<\/li>\n<\/ul>\n<h2>O saque-anivers\u00e1rio vai acabar?<\/h2>\n<p>O ministro do Trabalho e Emprego, Luiz Marinho, deseja acabar com o saque-anivers\u00e1rio do FGTS (Fundo de Garantia do Tempo de Servi\u00e7o). Ele j\u00e1 disse que n\u00e3o concorda com as regras impostas pela modalidade ao trabalhador.<\/p>\n<p>Ele ir\u00e1 se reunir no\u00a0 dia 21 de mar\u00e7o com o Conselho Curador do FGTS onde ir\u00e1 propor o fim do saque-anivers\u00e1rio, at\u00e9 para quem j\u00e1 aderiu, inclusive aqueles que pegaram empr\u00e9stimo em banco, dando essa parcela de FGTS como garantia de pagamento.<\/p>\n<p>Fonte: Jornal Cont\u00e1bil<\/p>\n","protected":false},"excerpt":{"rendered":"<p>Por enquanto o trabalhador ainda pode solicitar o saque-anivers\u00e1rio do FGTS (Fundo de Garantia do Tempo de Servi\u00e7o). Neste m\u00eas, os nascidos em mar\u00e7o poder\u00e3o&#8230;<\/p>\n","protected":false},"author":1527,"featured_media":44264,"comment_status":"closed","ping_status":"closed","sticky":false,"template":"","format":"standard","meta":{"footnotes":""},"categories":[6],"tags":[],"class_list":["post-44263","post","type-post","status-publish","format-standard","has-post-thumbnail","hentry","category-noticias"],"_links":{"self":[{"href":"https:\/\/www.sincomam.org.br\/index.php\/wp-json\/wp\/v2\/posts\/44263","targetHints":{"allow":["GET"]}}],"collection":[{"href":"https:\/\/www.sincomam.org.br\/index.php\/wp-json\/wp\/v2\/posts"}],"about":[{"href":"https:\/\/www.sincomam.org.br\/index.php\/wp-json\/wp\/v2\/types\/post"}],"author":[{"embeddable":true,"href":"https:\/\/www.sincomam.org.br\/index.php\/wp-json\/wp\/v2\/users\/1527"}],"replies":[{"embeddable":true,"href":"https:\/\/www.sincomam.org.br\/index.php\/wp-json\/wp\/v2\/comments?post=44263"}],"version-history":[{"count":1,"href":"https:\/\/www.sincomam.org.br\/index.php\/wp-json\/wp\/v2\/posts\/44263\/revisions"}],"predecessor-version":[{"id":44265,"href":"https:\/\/www.sincomam.org.br\/index.php\/wp-json\/wp\/v2\/posts\/44263\/revisions\/44265"}],"wp:featuredmedia":[{"embeddable":true,"href":"https:\/\/www.sincomam.org.br\/index.php\/wp-json\/wp\/v2\/media\/44264"}],"wp:attachment":[{"href":"https:\/\/www.sincomam.org.br\/index.php\/wp-json\/wp\/v2\/media?parent=44263"}],"wp:term":[{"taxonomy":"category","embeddable":true,"href":"https:\/\/www.sincomam.org.br\/index.php\/wp-json\/wp\/v2\/categories?post=44263"},{"taxonomy":"post_tag","embeddable":true,"href":"https:\/\/www.sincomam.org.br\/index.php\/wp-json\/wp\/v2\/tags?post=44263"}],"curies":[{"name":"wp","href":"https:\/\/api.w.org\/{rel}","templated":true}]}}