{"id":44260,"date":"2023-03-03T09:31:31","date_gmt":"2023-03-03T12:31:31","guid":{"rendered":"http:\/\/www.sincomam.org.br\/?p=44260"},"modified":"2023-03-03T09:31:31","modified_gmt":"2023-03-03T12:31:31","slug":"expansao-do-aeroporto-em-macae-o-que-muda-com-a-inauguracao-da-obra-em-2023","status":"publish","type":"post","link":"https:\/\/www.sincomam.org.br\/index.php\/expansao-do-aeroporto-em-macae-o-que-muda-com-a-inauguracao-da-obra-em-2023\/","title":{"rendered":"Expans\u00e3o do Aeroporto em Maca\u00e9: o que muda com a inaugura\u00e7\u00e3o da obra em 2023?"},"content":{"rendered":"<p>O projeto para expans\u00e3o do Aeroporto de Maca\u00e9 foi constru\u00eddo ao longo de alguns anos e a partir de 2021 entrou em discuss\u00e3o para constru\u00e7\u00e3o. Todavia, o projeto foi oficialmente apresentado em junho de 2022, para ter novos investimentos. A\u00a0Capital Nacional do Petr\u00f3leo, como a cidade \u00e9 conhecida, ganhar\u00e1 em breve um novo terminal dentro do aeroporto.<\/p>\n<p>As obras para esse projeto j\u00e1 tiveram in\u00edcio e devem ser finalizadas at\u00e9 o final de 2023. Contudo, houve investimento na casa de milh\u00f5es para expandir o aeroporto de Maca\u00e9 e ampliar as atividades de log\u00edstica e turismo. No entanto, voc\u00ea sabe o que vai mudar ap\u00f3s a conclus\u00e3o dessas obras? \u00c9 o que viemos te contar no artigo de hoje. Prossiga a leitura!<\/p>\n<p>Ao longo do projeto, a\u00a0prefeitura de Maca\u00e9, anunciou o investimento de mais de R$160 milh\u00f5es para expans\u00e3o do aeroporto da cidade. As obras tiveram in\u00edcio e est\u00e3o sob administra\u00e7\u00e3o da empresa que ganhou a concess\u00e3o por 30 anos, a Zurich Airport Brasil. A previs\u00e3o da empresa \u00e9 de que tudo seja finalizado e entregue ainda em 2023.<\/p>\n<p>Todavia, \u00e9 importante saber o que muda ap\u00f3s a inaugura\u00e7\u00e3o. Nesse sentido, o projeto foi muito ambicioso e visou a expans\u00e3o das plataformas de pouso. O novo p\u00e1tio do aeroporto de Maca\u00e9 est\u00e1 sendo constru\u00eddo para abranger 28 posi\u00e7\u00f5es de avi\u00f5es. Ademais, na parte interna, a previs\u00e3o \u00e9 de 12 balc\u00f5es para check-in e ainda 4 port\u00f5es para embarque.<\/p>\n<p>Assim, o aeroporto de Maca\u00e9 passar\u00e1 a receber pousos e decolagens de voos maiores como boeings e aeronaves de grande porte. Por meio dessa nova log\u00edstica muitas commodities poder\u00e3o ser transportadas por ar. Al\u00e9m disso, o turismo de mais pessoas ser\u00e1 favorecido.<\/p>\n<h2 id=\"h-novo-espaco-do-aeroporto-de-macae-tera-sustentabilidade-agregada-e-arquitetura-moderna\">Novo espa\u00e7o do Aeroporto de Maca\u00e9 ter\u00e1 sustentabilidade agregada e arquitetura moderna<\/h2>\n<p>O projeto de arquitetura e engenharia desenhado e aprovado antes das obras, previa um novo caminho para o aeroporto de Maca\u00e9. Afinal, a ideia do complexo novo foi a de ter espa\u00e7os mais amplos e confort\u00e1veis para acolher turistas, tudo isso em um ambiente mais convidativo.<\/p>\n<p>Al\u00e9m disso, o projeto foi elaborado com base na sustentabilidade, pensando na transi\u00e7\u00e3o energ\u00e9tica e em como a cidade quer marcar seu nome nesse sentido,. Nesse sentido, a arquitetura prev\u00ea mais entrada de luz natural e menor uso de l\u00e2mpadas durante o dia, maior circula\u00e7\u00e3o de ar e reutiliza\u00e7\u00e3o de \u00e1gua nos jardins. Dessa forma, o novo terminal dentro do aeroporto representa uma mudan\u00e7a importante e destaca Maca\u00e9 no sen\u00e1rio de sustentabilidade.<\/p>\n<h2 id=\"h-prefeito-de-macae-foi-ate-brasilia-e-conversou-com-senadores-e-deputados-para-agilizar-o-final-da-obra-do-aeroporto\">Prefeito de Maca\u00e9 foi at\u00e9 Bras\u00edlia e conversou com senadores e deputados para agilizar o final da obra do Aeroporto<\/h2>\n<p>No m\u00eas de fevereiro, Welberth Rezende,\u00a0prefeito de Maca\u00e9\u00a0foi at\u00e9 Bras\u00edlia para discutir pautas relevantes ao munic\u00edpio como a duplica\u00e7\u00e3o da BR-101, instala\u00e7\u00e3o de f\u00e1brica de fertilizantes e outros. Nesse sentido, a conclus\u00e3o da obra para terminal no aeroporto de Maca\u00e9 tamb\u00e9m foi uma das pautas debatidas.<\/p>\n<p>Durante a visita, que durou alguns dias, o prefeito esteve na presen\u00e7a do senador Rom\u00e1rio Faria e do deputado Andre Ceciliano, o Secret\u00e1rio Nacional de Assuntos Federativos. Ambos s\u00e3o nascidos e criados no estado do Rio de Janeiro e possuem grande engajamento em defesa de pautas para Maca\u00e9. Dessa forma, a tend\u00eancia \u00e9 que as coisas caminhem cada vez mais r\u00e1pido e que a expans\u00e3o do aeroporto de Maca\u00e9 seja conclu\u00edda ainda esse ano.<\/p>\n<p>Fonte: Click Petr\u00f3leo e G\u00e1s<\/p>\n","protected":false},"excerpt":{"rendered":"<p>O projeto para expans\u00e3o do Aeroporto de Maca\u00e9 foi constru\u00eddo ao longo de alguns anos e a partir de 2021 entrou em discuss\u00e3o para constru\u00e7\u00e3o&#8230;.<\/p>\n","protected":false},"author":1527,"featured_media":44261,"comment_status":"closed","ping_status":"closed","sticky":false,"template":"","format":"standard","meta":{"footnotes":""},"categories":[6],"tags":[],"class_list":["post-44260","post","type-post","status-publish","format-standard","has-post-thumbnail","hentry","category-noticias"],"_links":{"self":[{"href":"https:\/\/www.sincomam.org.br\/index.php\/wp-json\/wp\/v2\/posts\/44260","targetHints":{"allow":["GET"]}}],"collection":[{"href":"https:\/\/www.sincomam.org.br\/index.php\/wp-json\/wp\/v2\/posts"}],"about":[{"href":"https:\/\/www.sincomam.org.br\/index.php\/wp-json\/wp\/v2\/types\/post"}],"author":[{"embeddable":true,"href":"https:\/\/www.sincomam.org.br\/index.php\/wp-json\/wp\/v2\/users\/1527"}],"replies":[{"embeddable":true,"href":"https:\/\/www.sincomam.org.br\/index.php\/wp-json\/wp\/v2\/comments?post=44260"}],"version-history":[{"count":1,"href":"https:\/\/www.sincomam.org.br\/index.php\/wp-json\/wp\/v2\/posts\/44260\/revisions"}],"predecessor-version":[{"id":44262,"href":"https:\/\/www.sincomam.org.br\/index.php\/wp-json\/wp\/v2\/posts\/44260\/revisions\/44262"}],"wp:featuredmedia":[{"embeddable":true,"href":"https:\/\/www.sincomam.org.br\/index.php\/wp-json\/wp\/v2\/media\/44261"}],"wp:attachment":[{"href":"https:\/\/www.sincomam.org.br\/index.php\/wp-json\/wp\/v2\/media?parent=44260"}],"wp:term":[{"taxonomy":"category","embeddable":true,"href":"https:\/\/www.sincomam.org.br\/index.php\/wp-json\/wp\/v2\/categories?post=44260"},{"taxonomy":"post_tag","embeddable":true,"href":"https:\/\/www.sincomam.org.br\/index.php\/wp-json\/wp\/v2\/tags?post=44260"}],"curies":[{"name":"wp","href":"https:\/\/api.w.org\/{rel}","templated":true}]}}