{"id":44251,"date":"2023-03-03T09:40:16","date_gmt":"2023-03-03T12:40:16","guid":{"rendered":"http:\/\/www.sincomam.org.br\/?p=44251"},"modified":"2023-03-03T09:37:57","modified_gmt":"2023-03-03T12:37:57","slug":"polemica-das-barcas-justica-homologa-acordo-entre-governo-do-estado-e-concessionaria","status":"publish","type":"post","link":"https:\/\/www.sincomam.org.br\/index.php\/polemica-das-barcas-justica-homologa-acordo-entre-governo-do-estado-e-concessionaria\/","title":{"rendered":"Pol\u00eamica das barcas: Justi\u00e7a homologa acordo entre governo do estado e concession\u00e1ria"},"content":{"rendered":"<p>Na v\u00e9spera do dia em que a\u00a0CCR Barcas\u00a0disse que seus recursos para manter o servi\u00e7o aquavi\u00e1rio do Rio se esgotariam, a ju\u00edza da 6\u00aa Vara de Fazenda P\u00fablica, Regina Lucia Chuquer Castro de Lima, proferiu senten\u00e7a homologando o\u00a0acordo entre a concession\u00e1ria e o governo do estado. Ele prev\u00ea indeniza\u00e7\u00e3o de mais de R$ 750 milh\u00f5es \u00e0 CCR e a prorroga\u00e7\u00e3o do contrato de opera\u00e7\u00e3o por at\u00e9 24 meses, prazo em que dever\u00e1 ser ecolhido um novo concession\u00e1rio. Bens, estimados pela CCR em R$ 250 milh\u00f5es, dever\u00e3o ser repassados ao estado.<\/p>\n<div class=\"mc-column content-text active-extra-styles \" data-block-type=\"unstyled\" data-block-weight=\"50\" data-block-id=\"4\">\n<p class=\"content-text__container \" data-track-category=\"Link no Texto\" data-track-links=\"\">Em sua senten\u00e7a, a magistrada afirmou que imp\u00f5e &#8220;ao julgador a avalia\u00e7\u00e3o criteriosa da consequ\u00eancia f\u00e1tica de decis\u00e3o judicial, de modo a evitar solu\u00e7\u00f5es materialmente inexequ\u00edveis, especialmente em situa\u00e7\u00f5es a envolver interesse p\u00fablico da maior relev\u00e2ncia, no caso, o transporte p\u00fablico aquavi\u00e1rio permitindo o tr\u00e2nsito de multid\u00f5es para destinos diversos.&#8221;<\/p>\n<\/div>\n<div class=\"mc-column content-text active-extra-styles \" data-block-type=\"unstyled\" data-block-weight=\"71\" data-block-id=\"5\">\n<p class=\"content-text__container \" data-track-category=\"Link no Texto\" data-track-links=\"\">Regina Lucia destacou ainda que o estado &#8220;n\u00e3o det\u00e9m expertise para assumir essa presta\u00e7\u00e3o de servi\u00e7os, at\u00e9 porque n\u00e3o \u00e9 gestor de empresa, nem \u00e9 esse seu dever constitucional&#8221;. Uma das propostas do Minist\u00e9rio P\u00fablico do Rio (MPRJ), em a\u00e7\u00e3o que tramita na 4\u00aa Vara de Fazenda P\u00fablica, \u00e9 que haja interven\u00e7\u00e3o do estado, que passaria a operar as barcas at\u00e9 a realiza\u00e7\u00e3o de licita\u00e7\u00e3o para a escolha do novo concession\u00e1rio.<\/p>\n<\/div>\n<div class=\"mc-column content-text active-extra-styles\" data-block-type=\"raw\" data-block-weight=\"5\" data-block-id=\"6\">\n<p class=\"content-text__container\"><strong>Argumentos do MP foram rebatidos<\/strong><\/p>\n<p>A magistrada inicia a senten\u00e7a citando e rebatendo argumentos apresentados pelo MPRJ. Entre eles, a necessidade de anterior avalia\u00e7\u00e3o por grupo t\u00e9cnico do \u00f3rg\u00e3o, antes de uma tomada de decis\u00e3o, n\u00e3o apenas pela complexidade do termo de acordo, mas especialmente por quest\u00f5es financeiras. Para ela, torna-se desnecess\u00e1ria uma an\u00e1lise t\u00e9cnica dos termos e valores expressos no acordo, j\u00e1 que est\u00e3o legitimados pela Agetransp, ag\u00eancia que regula os transportes. Diz ainda que, da indeniza\u00e7\u00e3o, foram exclu\u00eddas margem de lucro e cobran\u00e7a de juros compensat\u00f3rios.<\/p>\n<\/div>\n<div class=\"content-ads content-ads--reveal\" data-block-type=\"ads\" data-block-id=\"8\">\n<div id=\"banner_materia2\" class=\"tag-manager-publicidade-container mc-has-reveal mc-has-ad-lazyload tag-manager-publicidade-banner_materia2 tag-manager-publicidade-container--carregado tag-manager-publicidade-container--visivel\" data-id=\"banner_materia2\" data-google-query-id=\"CMbnkdjHv_0CFX22lQIdt3wArg\">\n<div id=\"google_ads_iframe_\/85042905\/info.web.oglobo\/rio\/materia_3__container__\">\n<div id=\"google_ads_iframe_\/85042905\/info.web.oglobo\/rio\/materia_3\" class=\"clever-core-ads\" tabindex=\"0\" title=\"3rd party ad content\" role=\"region\" aria-label=\"Advertisement\" data-load-complete=\"true\" data-google-container-id=\"4\">Outra alega\u00e7\u00e3o do MPRJ, mencionada pela magistrada, \u00e9 a impossibilidade de descontinuidade do servi\u00e7o p\u00fablico aquavi\u00e1rio, porque j\u00e1 teriam sido tomadas medidas judiciais preventivas pelo Ju\u00edzo da 4\u00aa Vara de Fazenda P\u00fablica. A ju\u00edza pondera que, at\u00e9 o momento, n\u00e3o h\u00e1 decis\u00e3o da 4\u00aa Vara.<\/div>\n<\/div>\n<div tabindex=\"0\" title=\"3rd party ad content\" role=\"region\" aria-label=\"Advertisement\" data-load-complete=\"true\" data-google-container-id=\"4\">\n<div class=\"mc-column content-text active-extra-styles \" data-block-type=\"unstyled\" data-block-weight=\"47\" data-block-id=\"11\">\n<p class=\"content-text__container \" data-track-category=\"Link no Texto\" data-track-links=\"\">A ju\u00edza tamb\u00e9m rebateu o argumento de que a 6\u00aa Vara n\u00e3o teria compet\u00eancia para julgar a a\u00e7\u00e3o, tendo em vista decis\u00e3o do Tribunal de Justi\u00e7a, tornando nulo o contrato de concess\u00e3o firmado em 1998, que \u00e9 objeto de recurso junto ao Superior Tribunal de Justi\u00e7a (STJ).<\/p>\n<\/div>\n<div class=\"mc-column content-text active-extra-styles \" data-block-type=\"unstyled\" data-block-weight=\"62\" data-block-id=\"12\">\n<p class=\"content-text__container \" data-track-category=\"Link no Texto\" data-track-links=\"\">&#8220;(A Agetransp) Encontra-se, portanto, legitimada para aprova\u00e7\u00e3o dos valores e termos de pagamento apresentados no Termo de Acordo. Desnecess\u00e1rio, por outro lado, uma an\u00e1lise t\u00e9cnica dos termos e valores expressos no acordo apresentado ao Ju\u00edzo da 6\u00aa. Vara de Fazenda P\u00fablica frente \u00e0 atribui\u00e7\u00e3o legal detida pela Agetransp, e a sua aprova\u00e7\u00e3o e concord\u00e2ncia com os demais termos&#8221;, diz a ju\u00edza.<\/p>\n<\/div>\n<div class=\"mc-column content-text active-extra-styles \" data-block-type=\"unstyled\" data-block-weight=\"79\" data-block-id=\"13\">\n<p class=\"content-text__container \" data-track-category=\"Link no Texto\" data-track-links=\"\">&#8220;Em caso de eventual necessidade de compensa\u00e7\u00e3o ou acerto quanto aos valores estabelecidos, observa-se que o pagamento, pelo estado, ser\u00e1 feito em parcelas, e sendo a concession\u00e1ria Barcas uma S\/A de capital aberto, com a\u00e7\u00f5es negociadas em Bolsa de Valores, a exigir n\u00edvel de governan\u00e7a que assegure atratividade para investidores e lucro, encontra-se bastante mitigado o risco de sua incapacidade financeira para pagamento ou compensa\u00e7\u00e3o com eventual cr\u00e9dito a favor do ente p\u00fablico&#8221;, conclui a magistrada, extinguindo o processo.<\/p>\n<\/div>\n<div class=\"mc-column content-text active-extra-styles \" data-block-type=\"unstyled\" data-block-weight=\"126\" data-block-id=\"14\">\n<p class=\"content-text__container \" data-track-category=\"Link no Texto\" data-track-links=\"\">\u2014 Esse acordo \u00e9 juridicamente imposs\u00edvel. O objeto dele \u00e9 il\u00edcito por mais de um motivo. Dois r\u00e9us n\u00e3o podem fazer um acordo sobre uma senten\u00e7a contr\u00e1ria a eles. Tentam jogar a decis\u00e3o para a 6\u00aa Vara de Fazenda, cujo processo \u00e9 posterior, que n\u00e3o tem poder de rescindir o ac\u00f3rd\u00e3o da Justi\u00e7a. S\u00f3 a 4\u00aa Vara poderia fazer isso. N\u00e3o podem negociar entre eles a decis\u00e3o que lhes \u00e9 desfavor\u00e1vel. Na pr\u00e1tica est\u00e3o querendo estender a concess\u00e3o por meio de um instrumento jur\u00eddico que n\u00e3o existe, n\u00e3o \u00e9 poss\u00edvel fazer isso com um simples acordo \u2014 disse a promotora B\u00e1rbara Nascimento da 4\u00aa Promotoria de Justi\u00e7a de Fazenda P\u00fablica da capital anterior \u00e0 decis\u00e3o da Justi\u00e7a de homologar o acordo.<\/p>\n<p data-track-category=\"Link no Texto\" data-track-links=\"\">Fonte: O Globo<\/p>\n<\/div>\n<\/div>\n<\/div>\n<\/div>\n","protected":false},"excerpt":{"rendered":"<p>Na v\u00e9spera do dia em que a\u00a0CCR Barcas\u00a0disse que seus recursos para manter o servi\u00e7o aquavi\u00e1rio do Rio se esgotariam, a ju\u00edza da 6\u00aa Vara&#8230;<\/p>\n","protected":false},"author":1527,"featured_media":44252,"comment_status":"closed","ping_status":"closed","sticky":false,"template":"","format":"standard","meta":{"footnotes":""},"categories":[6],"tags":[],"class_list":["post-44251","post","type-post","status-publish","format-standard","has-post-thumbnail","hentry","category-noticias"],"_links":{"self":[{"href":"https:\/\/www.sincomam.org.br\/index.php\/wp-json\/wp\/v2\/posts\/44251","targetHints":{"allow":["GET"]}}],"collection":[{"href":"https:\/\/www.sincomam.org.br\/index.php\/wp-json\/wp\/v2\/posts"}],"about":[{"href":"https:\/\/www.sincomam.org.br\/index.php\/wp-json\/wp\/v2\/types\/post"}],"author":[{"embeddable":true,"href":"https:\/\/www.sincomam.org.br\/index.php\/wp-json\/wp\/v2\/users\/1527"}],"replies":[{"embeddable":true,"href":"https:\/\/www.sincomam.org.br\/index.php\/wp-json\/wp\/v2\/comments?post=44251"}],"version-history":[{"count":1,"href":"https:\/\/www.sincomam.org.br\/index.php\/wp-json\/wp\/v2\/posts\/44251\/revisions"}],"predecessor-version":[{"id":44253,"href":"https:\/\/www.sincomam.org.br\/index.php\/wp-json\/wp\/v2\/posts\/44251\/revisions\/44253"}],"wp:featuredmedia":[{"embeddable":true,"href":"https:\/\/www.sincomam.org.br\/index.php\/wp-json\/wp\/v2\/media\/44252"}],"wp:attachment":[{"href":"https:\/\/www.sincomam.org.br\/index.php\/wp-json\/wp\/v2\/media?parent=44251"}],"wp:term":[{"taxonomy":"category","embeddable":true,"href":"https:\/\/www.sincomam.org.br\/index.php\/wp-json\/wp\/v2\/categories?post=44251"},{"taxonomy":"post_tag","embeddable":true,"href":"https:\/\/www.sincomam.org.br\/index.php\/wp-json\/wp\/v2\/tags?post=44251"}],"curies":[{"name":"wp","href":"https:\/\/api.w.org\/{rel}","templated":true}]}}