{"id":44241,"date":"2023-03-02T11:53:25","date_gmt":"2023-03-02T14:53:25","guid":{"rendered":"http:\/\/www.sincomam.org.br\/?p=44241"},"modified":"2023-03-02T11:53:25","modified_gmt":"2023-03-02T14:53:25","slug":"veleiro-dos-escoteiros-do-brasil-chega-ao-estado-do-rio-de-janeiro","status":"publish","type":"post","link":"https:\/\/www.sincomam.org.br\/index.php\/veleiro-dos-escoteiros-do-brasil-chega-ao-estado-do-rio-de-janeiro\/","title":{"rendered":"Veleiro dos Escoteiros do Brasil chega ao estado do Rio de Janeiro"},"content":{"rendered":"<p>O veleiro Lamia, de 51 p\u00e9s, apreendido em 2021 pela Pol\u00edcia Federal e doado este ano pela Justi\u00e7a Federal e a Marinha do Brasil aos Escoteiros do Brasil, atracou nesta quarta-feira (1\u00ba) em Niter\u00f3i, regi\u00e3o metropolitana do Rio de Janeiro, procedente do Esp\u00edrito Santo. A oficializa\u00e7\u00e3o da doa\u00e7\u00e3o do veleiro Lamia para os Escoteiros do Brasil foi realizada no dia 7 de fevereiro, em solenidade que contou com a presen\u00e7a do comandante da Base Naval de Natal (RN) e capit\u00e3o de Mar e Guerra, Carlos Macedo.<\/p>\n<p>Em seguida, no dia 10 daquele m\u00eas, uma equipe formada por quatro velejadores volunt\u00e1rios do movimento escoteiro passou a navegar pela costa brasileira desde Natal, tendo como destino final o Porto de Paranagu\u00e1 (PR), que ser\u00e1 a base do veleiro. \u201cTodos fazem parte dos Escoteiros do Brasil, de grupos de escoteiros diferentes\u201d, informou \u00e0\u00a0Ag\u00eancia Brasil\u00a0o coordenador nacional da Modalidade do Mar da entidade, Marco Ant\u00f4nio Bortoli. O quarto velejador, que teve de desembarcar durante a viagem, retorna em Santos e cuida da parte de m\u00e1quinas.<\/p>\n<div class=\"td-a-rec td-a-rec-id-content_inline td_uid_2_6400a51e4220b_rand td_block_template_11\">\n<p>Marco Ant\u00f4nio Bortoli disse que o Lamia partir\u00e1 na pr\u00f3xima sexta-feira (3) para Ilhabela, de onde seguir\u00e1 para Santos, ambas cidades paulistas, antes de rumar para o destino final, que \u00e9 Paranagu\u00e1. Bortoli afirmou que, legalmente, o uso do veleiro j\u00e1 est\u00e1 autorizado para os Escoteiros do Brasil.<\/p>\n<\/div>\n<h3>Veleiro escola<\/h3>\n<p>A embarca\u00e7\u00e3o ter\u00e1 fun\u00e7\u00e3o de veleiro escola dentro da institui\u00e7\u00e3o. \u201cO prop\u00f3sito do veleiro \u00e9 realizar, justamente, um trabalho pedag\u00f3gico, onde a gente vai ter treinamento para os adultos e, depois para os jovens. Estes poder\u00e3o passar desde um pernoite de treinamento, at\u00e9 uma semana, dentro da embarca\u00e7\u00e3o\u201d.<\/p>\n<p>Oficialmente, o veleiro come\u00e7ar\u00e1 a funcionar como escola para adultos no segundo semestre deste ano e, para os jovens, em 2024. Marco Bortoli informou que ter\u00e3o de ser feitos alguns reparos m\u00ednimos e pequenas adapta\u00e7\u00f5es, com a ajuda de patrocinadores, visando deixar o barco cada vez mais seguro. \u201cEm Paranagu\u00e1, a gente come\u00e7a a equipar o veleiro com uma vis\u00e3o pedag\u00f3gica. O aluno j\u00e1 entra aprendendo os lugares, as pe\u00e7as, as movimenta\u00e7\u00f5es. O barco vai ser equipado justamente para ter essa conota\u00e7\u00e3o de ser um veleiro escola\u201d.<\/p>\n<p>Fonte: Defesa em Foco<\/p>\n","protected":false},"excerpt":{"rendered":"<p>O veleiro Lamia, de 51 p\u00e9s, apreendido em 2021 pela Pol\u00edcia Federal e doado este ano pela Justi\u00e7a Federal e a Marinha do Brasil aos&#8230;<\/p>\n","protected":false},"author":1527,"featured_media":44242,"comment_status":"closed","ping_status":"closed","sticky":false,"template":"","format":"standard","meta":{"footnotes":""},"categories":[6],"tags":[],"class_list":["post-44241","post","type-post","status-publish","format-standard","has-post-thumbnail","hentry","category-noticias"],"_links":{"self":[{"href":"https:\/\/www.sincomam.org.br\/index.php\/wp-json\/wp\/v2\/posts\/44241","targetHints":{"allow":["GET"]}}],"collection":[{"href":"https:\/\/www.sincomam.org.br\/index.php\/wp-json\/wp\/v2\/posts"}],"about":[{"href":"https:\/\/www.sincomam.org.br\/index.php\/wp-json\/wp\/v2\/types\/post"}],"author":[{"embeddable":true,"href":"https:\/\/www.sincomam.org.br\/index.php\/wp-json\/wp\/v2\/users\/1527"}],"replies":[{"embeddable":true,"href":"https:\/\/www.sincomam.org.br\/index.php\/wp-json\/wp\/v2\/comments?post=44241"}],"version-history":[{"count":1,"href":"https:\/\/www.sincomam.org.br\/index.php\/wp-json\/wp\/v2\/posts\/44241\/revisions"}],"predecessor-version":[{"id":44243,"href":"https:\/\/www.sincomam.org.br\/index.php\/wp-json\/wp\/v2\/posts\/44241\/revisions\/44243"}],"wp:featuredmedia":[{"embeddable":true,"href":"https:\/\/www.sincomam.org.br\/index.php\/wp-json\/wp\/v2\/media\/44242"}],"wp:attachment":[{"href":"https:\/\/www.sincomam.org.br\/index.php\/wp-json\/wp\/v2\/media?parent=44241"}],"wp:term":[{"taxonomy":"category","embeddable":true,"href":"https:\/\/www.sincomam.org.br\/index.php\/wp-json\/wp\/v2\/categories?post=44241"},{"taxonomy":"post_tag","embeddable":true,"href":"https:\/\/www.sincomam.org.br\/index.php\/wp-json\/wp\/v2\/tags?post=44241"}],"curies":[{"name":"wp","href":"https:\/\/api.w.org\/{rel}","templated":true}]}}