{"id":44238,"date":"2023-03-02T11:52:31","date_gmt":"2023-03-02T14:52:31","guid":{"rendered":"http:\/\/www.sincomam.org.br\/?p=44238"},"modified":"2023-03-02T11:52:31","modified_gmt":"2023-03-02T14:52:31","slug":"marinha-do-brasil-recebe-convite-oficial-do-festimar","status":"publish","type":"post","link":"https:\/\/www.sincomam.org.br\/index.php\/marinha-do-brasil-recebe-convite-oficial-do-festimar\/","title":{"rendered":"Marinha do Brasil recebe convite oficial do Festimar"},"content":{"rendered":"<p data-wahfont=\"16\">O presidente da CDL, Marcelo Valente, o coordenador do Festival do Mar, Renato Silveira e a Embaixadora Aninha Pires realizaram nesta quarta-feira, 01, a entrega do convite oficial para a Marinha do Brasil. Eles foram recebidos no 5\u00ba Distrito Naval pelo comandante Vice-Almirante S\u00edlvio Lu\u00eds dos Santos; chefe do Estado-Maior, Capit\u00e3o de Mar e Guerra Eric Jorge Abdalla de Melo e; chefe geral de Servi\u00e7os, Capit\u00e3o de Mar e Guerra Jo\u00e3o Carlos Barbosa da Motta. O objetivo do encontro foi confirmar a parceria entre Festimar e Marinha do Brasil durante a realiza\u00e7\u00e3o do evento com atividades e a presen\u00e7a institucional.<\/p>\n<p class=\" aBigClassNameToAvoidCollisionInText aBigClassNameToAvoidCollisionInText\" data-wahfont=\"16\">O Festimar busca dar valor ao mar e \u00e0s \u00e1guas que cercam Rio Grande e S\u00e3o Jos\u00e9 do Norte. Nesse ponto, a Marinha do Brasil tem um primordial papel na defesa e na salvaguarda da vida humana. O evento ocorrer\u00e1 nas duas cidades do sul do Estado contar\u00e1 com atra\u00e7\u00f5es culturais, esportivas e gastron\u00f4micas. Em Rio Grande, o evento ser\u00e1 dividido entre o Centro Hist\u00f3rico, Parque de Exposi\u00e7\u00f5es Filinto El\u00e1dio da Silveira e P\u00e1tio Barrac\u00e3o, na Praia do Cassino. Em S\u00e3o Jos\u00e9 do Norte, haver\u00e1 um palco para atra\u00e7\u00f5es culturais e op\u00e7\u00f5es esportivas e gastron\u00f4micas. O objetivo do Festimar \u00e9 colocar a regi\u00e3o sul num grande Festival, ampliando o desenvolvimento econ\u00f4mico e tur\u00edstico da regi\u00e3o.<\/p>\n<p data-wahfont=\"16\">Fonte: Defesa em Foco<\/p>\n","protected":false},"excerpt":{"rendered":"<p>O presidente da CDL, Marcelo Valente, o coordenador do Festival do Mar, Renato Silveira e a Embaixadora Aninha Pires realizaram nesta quarta-feira, 01, a entrega&#8230;<\/p>\n","protected":false},"author":1527,"featured_media":44239,"comment_status":"closed","ping_status":"closed","sticky":false,"template":"","format":"standard","meta":{"footnotes":""},"categories":[6],"tags":[],"class_list":["post-44238","post","type-post","status-publish","format-standard","has-post-thumbnail","hentry","category-noticias"],"_links":{"self":[{"href":"https:\/\/www.sincomam.org.br\/index.php\/wp-json\/wp\/v2\/posts\/44238","targetHints":{"allow":["GET"]}}],"collection":[{"href":"https:\/\/www.sincomam.org.br\/index.php\/wp-json\/wp\/v2\/posts"}],"about":[{"href":"https:\/\/www.sincomam.org.br\/index.php\/wp-json\/wp\/v2\/types\/post"}],"author":[{"embeddable":true,"href":"https:\/\/www.sincomam.org.br\/index.php\/wp-json\/wp\/v2\/users\/1527"}],"replies":[{"embeddable":true,"href":"https:\/\/www.sincomam.org.br\/index.php\/wp-json\/wp\/v2\/comments?post=44238"}],"version-history":[{"count":1,"href":"https:\/\/www.sincomam.org.br\/index.php\/wp-json\/wp\/v2\/posts\/44238\/revisions"}],"predecessor-version":[{"id":44240,"href":"https:\/\/www.sincomam.org.br\/index.php\/wp-json\/wp\/v2\/posts\/44238\/revisions\/44240"}],"wp:featuredmedia":[{"embeddable":true,"href":"https:\/\/www.sincomam.org.br\/index.php\/wp-json\/wp\/v2\/media\/44239"}],"wp:attachment":[{"href":"https:\/\/www.sincomam.org.br\/index.php\/wp-json\/wp\/v2\/media?parent=44238"}],"wp:term":[{"taxonomy":"category","embeddable":true,"href":"https:\/\/www.sincomam.org.br\/index.php\/wp-json\/wp\/v2\/categories?post=44238"},{"taxonomy":"post_tag","embeddable":true,"href":"https:\/\/www.sincomam.org.br\/index.php\/wp-json\/wp\/v2\/tags?post=44238"}],"curies":[{"name":"wp","href":"https:\/\/api.w.org\/{rel}","templated":true}]}}