{"id":44235,"date":"2023-03-02T11:58:35","date_gmt":"2023-03-02T14:58:35","guid":{"rendered":"http:\/\/www.sincomam.org.br\/?p=44235"},"modified":"2023-03-02T11:54:41","modified_gmt":"2023-03-02T14:54:41","slug":"comissao-da-alerj-pede-intervencao-do-estado-no-sistema-de-transporte-aquaviario","status":"publish","type":"post","link":"https:\/\/www.sincomam.org.br\/index.php\/comissao-da-alerj-pede-intervencao-do-estado-no-sistema-de-transporte-aquaviario\/","title":{"rendered":"Comiss\u00e3o da Alerj pede interven\u00e7\u00e3o do Estado no sistema de transporte aquavi\u00e1rio"},"content":{"rendered":"<p>Diante da amea\u00e7a da CCR de interromper o servi\u00e7o das barcas na sexta-feira, dia 3, o deputado estadual Flavio Serafini, presidente da Frente Parlamentar em Defesa do Transporte Aquavi\u00e1rio, acabou de protocolar um PL que autoriza a interven\u00e7\u00e3o do governo do Estado no sistema de transporte aquavi\u00e1rio no Rio de Janeiro.<\/p>\n<p>O contrato de concess\u00e3o das barcas, que j\u00e1 \u00e9 contestado pela justi\u00e7a, expirou em 12 de fevereiro. Embora a data j\u00e1 fosse conhecida, o governo do Estado n\u00e3o tomou as provid\u00eancias necess\u00e1rias para garantir a continuidade do servi\u00e7o e dar seguran\u00e7a aos usu\u00e1rios. Diante do cen\u00e1rio ca\u00f3tico e a chantagem da CCR, o governo Castro\u00a0 firmou\u00a0um acordo milion\u00e1rio com a empresa. O acordo\u00a0prev\u00ea o pagamento de uma suposta indeniza\u00e7\u00e3o de mais de R$ 700 milh\u00f5es \u00e0 empresa. Deste total, cerca de R$ 200\u00a0milh\u00f5es teriam que ser pagos imediatamente para garantir a opera\u00e7\u00e3o.<\/p>\n<p>&#8211; O governo do Estado precisa intervir \u00a0para garantir a continuidade do servi\u00e7o. O que n\u00e3o \u00e9 poss\u00edvel \u00e9 aceitar a amea\u00e7a da CCR para pagar uma d\u00edvida de quase um bilh\u00e3o de reais que j\u00e1 foi contestada em decis\u00e3o do STJ &#8211; afirma Serafini.<\/p>\n<p>Fonte: Alerj<\/p>\n","protected":false},"excerpt":{"rendered":"<p>Diante da amea\u00e7a da CCR de interromper o servi\u00e7o das barcas na sexta-feira, dia 3, o deputado estadual Flavio Serafini, presidente da Frente Parlamentar em&#8230;<\/p>\n","protected":false},"author":1527,"featured_media":44236,"comment_status":"closed","ping_status":"closed","sticky":false,"template":"","format":"standard","meta":{"footnotes":""},"categories":[6],"tags":[],"class_list":["post-44235","post","type-post","status-publish","format-standard","has-post-thumbnail","hentry","category-noticias"],"_links":{"self":[{"href":"https:\/\/www.sincomam.org.br\/index.php\/wp-json\/wp\/v2\/posts\/44235","targetHints":{"allow":["GET"]}}],"collection":[{"href":"https:\/\/www.sincomam.org.br\/index.php\/wp-json\/wp\/v2\/posts"}],"about":[{"href":"https:\/\/www.sincomam.org.br\/index.php\/wp-json\/wp\/v2\/types\/post"}],"author":[{"embeddable":true,"href":"https:\/\/www.sincomam.org.br\/index.php\/wp-json\/wp\/v2\/users\/1527"}],"replies":[{"embeddable":true,"href":"https:\/\/www.sincomam.org.br\/index.php\/wp-json\/wp\/v2\/comments?post=44235"}],"version-history":[{"count":1,"href":"https:\/\/www.sincomam.org.br\/index.php\/wp-json\/wp\/v2\/posts\/44235\/revisions"}],"predecessor-version":[{"id":44237,"href":"https:\/\/www.sincomam.org.br\/index.php\/wp-json\/wp\/v2\/posts\/44235\/revisions\/44237"}],"wp:featuredmedia":[{"embeddable":true,"href":"https:\/\/www.sincomam.org.br\/index.php\/wp-json\/wp\/v2\/media\/44236"}],"wp:attachment":[{"href":"https:\/\/www.sincomam.org.br\/index.php\/wp-json\/wp\/v2\/media?parent=44235"}],"wp:term":[{"taxonomy":"category","embeddable":true,"href":"https:\/\/www.sincomam.org.br\/index.php\/wp-json\/wp\/v2\/categories?post=44235"},{"taxonomy":"post_tag","embeddable":true,"href":"https:\/\/www.sincomam.org.br\/index.php\/wp-json\/wp\/v2\/tags?post=44235"}],"curies":[{"name":"wp","href":"https:\/\/api.w.org\/{rel}","templated":true}]}}