{"id":4422,"date":"2014-03-24T08:00:09","date_gmt":"2014-03-24T11:00:09","guid":{"rendered":"http:\/\/www.sincomam.org.br\/?p=4422"},"modified":"2014-03-24T10:00:00","modified_gmt":"2014-03-24T13:00:00","slug":"tropas-federais-so-vao-sair-do-rio-quando-a-copa-do-mundo-terminar","status":"publish","type":"post","link":"https:\/\/www.sincomam.org.br\/index.php\/tropas-federais-so-vao-sair-do-rio-quando-a-copa-do-mundo-terminar\/","title":{"rendered":"Tropas federais s\u00f3 v\u00e3o sair do Rio quando a Copa do Mundo terminar"},"content":{"rendered":"<p><b><i>Autoridades definem nesta segunda-feira detalhes da atua\u00e7\u00e3o de for\u00e7as federais no estado<\/i><\/b><\/p>\n<p>O uso de for\u00e7as federais na defesa do processo de pacifica\u00e7\u00e3o das favelas cariocas, alvo de uma s\u00e9rie de ataques do tr\u00e1fico de drogas, dever\u00e1 ser formalizado nesta segunda-feira numa reuni\u00e3o entre o ministro da Justi\u00e7a, Jos\u00e9 Eduardo Cardozo, e o governador S\u00e9rgio Cabral. Eles definir\u00e3o detalhes da participa\u00e7\u00e3o da Uni\u00e3o no combate \u00e0s organiza\u00e7\u00f5es criminosas que, nas \u00faltimas semanas, voltaram a investir contra as Unidades de Pol\u00edcia Pacificadora (UPPs).<\/p>\n<p>Segundo o Minist\u00e9rio da Defesa, que tamb\u00e9m ter\u00e1 representantes no encontro, tropas federais j\u00e1 est\u00e3o prontas para entrar em a\u00e7\u00e3o, mas a chegada delas \u00e0s comunidades amea\u00e7adas ainda depende de um pedido formal que o governador apresentar\u00e1 ao ministro da Justi\u00e7a. O plano \u00e9 que as tropas s\u00f3 deixem a cidade depois da Copa do Mundo, que terminar\u00e1 em julho.<\/p>\n<p>Uma das possibilidades \u00e9 que o apoio federal seja implementado com a chegada de policiais da For\u00e7a de Seguran\u00e7a Nacional. Outra hip\u00f3tese, considerada a mais prov\u00e1vel, \u00e9 a mobiliza\u00e7\u00e3o de tropas mistas, formadas por homens da For\u00e7a de Seguran\u00e7a Nacional e do Ex\u00e9rcito.<\/p>\n<p><b>Governador deve fazer pedido formal<\/b><\/p>\n<p>Na \u00faltima sexta-feira, Cabral e o secret\u00e1rio estadual de Seguran\u00e7a, Jos\u00e9 Mariano Beltrame, tiveram uma reuni\u00e3o com a presidente Dilma Rousseff em Bras\u00edlia para tratar da quest\u00e3o. Al\u00e9m da formaliza\u00e7\u00e3o do pedido, falta definir o contingente que ser\u00e1 empregado. O governador tem de informar para Cardozo e representantes do Minist\u00e9rio da Defesa onde quer que as tropas federais atuem e por quanto tempo deseja que permane\u00e7am na cidade.<\/p>\n<p>O plano de a\u00e7\u00e3o em favelas cariocas dever\u00e1 ser detalhado \u00e0s 10h no Centro de Comando e Controle do governo do estado, na Cidade Nova. A prioridade das for\u00e7as de seguran\u00e7a, segundo fontes ligadas \u00e0 equipe de Cabral, \u00e9 ocupar o Complexo da Mar\u00e9, onde ficam as favelas Nova Holanda e Parque Uni\u00e3o \u2014 apontadas como redutos dos traficantes que ordenaram os \u00faltimos ataques \u00e0s UPPs.<\/p>\n<p>Desde s\u00e1bado, a Brigada de Infantaria Paraquedista est\u00e1 de prontid\u00e3o para agir na Mar\u00e9 assim que for necess\u00e1rio. Pelo menos 120 policiais do Batalh\u00e3o de Opera\u00e7\u00f5es Especiais (Bope) realizam opera\u00e7\u00f5es no complexo, localizado entre a Linha Vermelha e a Avenida Brasil.<\/p>\n<p>Fonte: O Globo<\/p>\n","protected":false},"excerpt":{"rendered":"<p>Autoridades definem nesta segunda-feira detalhes da atua\u00e7\u00e3o de for\u00e7as federais no estado O uso de for\u00e7as federais na defesa do processo de pacifica\u00e7\u00e3o das favelas&#8230;<\/p>\n","protected":false},"author":1182,"featured_media":4423,"comment_status":"closed","ping_status":"closed","sticky":false,"template":"","format":"standard","meta":{"footnotes":""},"categories":[6],"tags":[],"class_list":["post-4422","post","type-post","status-publish","format-standard","has-post-thumbnail","hentry","category-noticias"],"_links":{"self":[{"href":"https:\/\/www.sincomam.org.br\/index.php\/wp-json\/wp\/v2\/posts\/4422","targetHints":{"allow":["GET"]}}],"collection":[{"href":"https:\/\/www.sincomam.org.br\/index.php\/wp-json\/wp\/v2\/posts"}],"about":[{"href":"https:\/\/www.sincomam.org.br\/index.php\/wp-json\/wp\/v2\/types\/post"}],"author":[{"embeddable":true,"href":"https:\/\/www.sincomam.org.br\/index.php\/wp-json\/wp\/v2\/users\/1182"}],"replies":[{"embeddable":true,"href":"https:\/\/www.sincomam.org.br\/index.php\/wp-json\/wp\/v2\/comments?post=4422"}],"version-history":[{"count":1,"href":"https:\/\/www.sincomam.org.br\/index.php\/wp-json\/wp\/v2\/posts\/4422\/revisions"}],"predecessor-version":[{"id":4424,"href":"https:\/\/www.sincomam.org.br\/index.php\/wp-json\/wp\/v2\/posts\/4422\/revisions\/4424"}],"wp:featuredmedia":[{"embeddable":true,"href":"https:\/\/www.sincomam.org.br\/index.php\/wp-json\/wp\/v2\/media\/4423"}],"wp:attachment":[{"href":"https:\/\/www.sincomam.org.br\/index.php\/wp-json\/wp\/v2\/media?parent=4422"}],"wp:term":[{"taxonomy":"category","embeddable":true,"href":"https:\/\/www.sincomam.org.br\/index.php\/wp-json\/wp\/v2\/categories?post=4422"},{"taxonomy":"post_tag","embeddable":true,"href":"https:\/\/www.sincomam.org.br\/index.php\/wp-json\/wp\/v2\/tags?post=4422"}],"curies":[{"name":"wp","href":"https:\/\/api.w.org\/{rel}","templated":true}]}}