{"id":44208,"date":"2023-03-01T08:55:47","date_gmt":"2023-03-01T11:55:47","guid":{"rendered":"http:\/\/www.sincomam.org.br\/?p=44208"},"modified":"2023-03-01T08:55:47","modified_gmt":"2023-03-01T11:55:47","slug":"sob-temor-dos-passageiros-das-barcas-comissao-de-transportes-da-alerj-vai-convocar-audiencia","status":"publish","type":"post","link":"https:\/\/www.sincomam.org.br\/index.php\/sob-temor-dos-passageiros-das-barcas-comissao-de-transportes-da-alerj-vai-convocar-audiencia\/","title":{"rendered":"Sob temor dos passageiros das barcas, Comiss\u00e3o de Transportes da Alerj vai convocar audi\u00eancia"},"content":{"rendered":"<p>Entre amea\u00e7as, falta de dinheiro em caixa e contratos pendurados, a concession\u00e1ria CCR que opera o transporte aquavi\u00e1rio no Rio est\u00e1 deixando os passageiros de cabelo em p\u00e9 com a preocupa\u00e7\u00e3o com a precariza\u00e7\u00e3o ou poss\u00edvel paralisa\u00e7\u00e3o dos servi\u00e7os. A companhia j\u00e1 afirmou que s\u00f3 tem grana para prestar os servi\u00e7os at\u00e9 o dia 3 de mar\u00e7o, pr\u00f3xima sexta-feira.<\/p>\n<p>Nesse cen\u00e1rio de incertezas, a Comiss\u00e3o de Transportes da Assembleia Legislativa (Alerj) vai entrar nesta segunda-feira (27) com um pedido na mesa diretora da Casa para a realiza\u00e7\u00e3o de uma audi\u00eancia p\u00fablica para discutir o cen\u00e1rio de caos nas barcas.<\/p>\n<p>O presidente do grupo de trabalho, deputado Dion\u00edsio Lins (Progressista), vem argumentando que ser\u00e1 necess\u00e1rio a realiza\u00e7\u00e3o de um Termo de Ajuste de Conduta (TAC) entre as partes para evitar maiores transtornos, como a interrup\u00e7\u00e3o dos servi\u00e7os que pode deixar os moradores de Paquet\u00e1 \u2014 literalmente \u2014 ilhados.<\/p>\n<p>\u201cVale lembrar que enquanto o contrato estiver valendo a CCR tem a obriga\u00e7\u00e3o de cumprir todas as suas cl\u00e1usulas. Qualquer mudan\u00e7a na opera\u00e7\u00e3o pode trazer enormes dificuldades para os usu\u00e1rios que residem na Ilha de Paquet\u00e1 e dependem \u00fanica e exclusivamente das barcas para chegarem ao trabalho, escolas, universidades e consultas m\u00e9dicas\u201d, afirmou o parlamentar.<\/p>\n<p>Ser\u00e3o convidados para a audi\u00eancia representantes do governo, da CCR Barcas, da Secretaria de Transportes, do Minist\u00e9rio P\u00fablico e das associa\u00e7\u00f5es de moradores e empres\u00e1rios da Ilha de Paquet\u00e1.<\/p>\n<p>Fonte: Jornal Extra<\/p>\n","protected":false},"excerpt":{"rendered":"<p>Entre amea\u00e7as, falta de dinheiro em caixa e contratos pendurados, a concession\u00e1ria CCR que opera o transporte aquavi\u00e1rio no Rio est\u00e1 deixando os passageiros de&#8230;<\/p>\n","protected":false},"author":1527,"featured_media":44209,"comment_status":"closed","ping_status":"closed","sticky":false,"template":"","format":"standard","meta":{"footnotes":""},"categories":[6],"tags":[],"class_list":["post-44208","post","type-post","status-publish","format-standard","has-post-thumbnail","hentry","category-noticias"],"_links":{"self":[{"href":"https:\/\/www.sincomam.org.br\/index.php\/wp-json\/wp\/v2\/posts\/44208","targetHints":{"allow":["GET"]}}],"collection":[{"href":"https:\/\/www.sincomam.org.br\/index.php\/wp-json\/wp\/v2\/posts"}],"about":[{"href":"https:\/\/www.sincomam.org.br\/index.php\/wp-json\/wp\/v2\/types\/post"}],"author":[{"embeddable":true,"href":"https:\/\/www.sincomam.org.br\/index.php\/wp-json\/wp\/v2\/users\/1527"}],"replies":[{"embeddable":true,"href":"https:\/\/www.sincomam.org.br\/index.php\/wp-json\/wp\/v2\/comments?post=44208"}],"version-history":[{"count":1,"href":"https:\/\/www.sincomam.org.br\/index.php\/wp-json\/wp\/v2\/posts\/44208\/revisions"}],"predecessor-version":[{"id":44210,"href":"https:\/\/www.sincomam.org.br\/index.php\/wp-json\/wp\/v2\/posts\/44208\/revisions\/44210"}],"wp:featuredmedia":[{"embeddable":true,"href":"https:\/\/www.sincomam.org.br\/index.php\/wp-json\/wp\/v2\/media\/44209"}],"wp:attachment":[{"href":"https:\/\/www.sincomam.org.br\/index.php\/wp-json\/wp\/v2\/media?parent=44208"}],"wp:term":[{"taxonomy":"category","embeddable":true,"href":"https:\/\/www.sincomam.org.br\/index.php\/wp-json\/wp\/v2\/categories?post=44208"},{"taxonomy":"post_tag","embeddable":true,"href":"https:\/\/www.sincomam.org.br\/index.php\/wp-json\/wp\/v2\/tags?post=44208"}],"curies":[{"name":"wp","href":"https:\/\/api.w.org\/{rel}","templated":true}]}}