{"id":44205,"date":"2023-03-01T08:53:38","date_gmt":"2023-03-01T11:53:38","guid":{"rendered":"http:\/\/www.sincomam.org.br\/?p=44205"},"modified":"2023-03-01T08:53:38","modified_gmt":"2023-03-01T11:53:38","slug":"cenario-positivo-para-exportacoes-brasileiras-atraem-agentes-de-carga-para-o-pais","status":"publish","type":"post","link":"https:\/\/www.sincomam.org.br\/index.php\/cenario-positivo-para-exportacoes-brasileiras-atraem-agentes-de-carga-para-o-pais\/","title":{"rendered":"CEN\u00c1RIO POSITIVO PARA EXPORTA\u00c7\u00d5ES BRASILEIRAS ATRAEM AGENTES DE CARGA PARA O PA\u00cdS"},"content":{"rendered":"<p>Algumas dessas empresas se reunir\u00e3o para participar da Intermodal, o maior encontro internacional do setor de log\u00edstica, transporte de carga, tecnologia e com\u00e9rcio exterior da Am\u00e9rica do Sul, que acontecer\u00e1 de 28 de fevereiro a 2 de mar\u00e7o, no S\u00e3o Paulo Expo. Ser\u00e3o mais de 50 agentes de carga dos cinco continentes se re\u00fanem em um espa\u00e7o multiuso para reuni\u00f5es e network em um \u00fanico espa\u00e7o de 300m2. Uma oportunidade para transformar a\u00e7\u00f5es em oportunidades de neg\u00f3cios de forma ampla e global.<\/p>\n<p>Sua participa\u00e7\u00e3o no Brasil \u00e9 considerada estrat\u00e9gica com base nos crescentes n\u00fameros de exporta\u00e7\u00f5es que, em janeiro de 2023, viu o volume crescer 3,3% segundo dados do Minist\u00e9rio da Economia, em rela\u00e7\u00e3o a toda s\u00e9rie hist\u00f3rica (atualmente contando com 301 meses), o volume total exportado alcan\u00e7ou o 4 \u00ba maior resultado.<\/p>\n<p>Importantes mercados de destino foram respons\u00e1veis pelo aumento do volume total exportado, destacando-se os crescimentos do volume exportado para Am\u00e9rica do Sul (4,9 %), Oceania (4,5 %), Am\u00e9rica do Norte (3,1 %), \u00c1frica ( 2,9 %) e \u00c1sia (Exclusive Oriente M\u00e9dio) (2,2 %).<\/p>\n<p>O fato \u00e9 que a expectativa de crescimento \u00e9 otimista. An\u00e1lises mais recentes do Minist\u00e9rio da Economia apontam para um bom avan\u00e7o nas exporta\u00e7\u00f5es brasileiras, chegando a cerca de 20% em rela\u00e7\u00e3o a 2021, com o agroneg\u00f3cio liderando e destaque sobre os principais segmentos. O relat\u00f3rio aponta para uma alta de 37% nos embarques realizados.<\/p>\n<p>Assim, as empresas que estar\u00e3o no Brasil no grupo da United Nations Freight Trading Logistics (UN) podem oferecer as empresas brasileiras possibilidades reais para exporta\u00e7\u00f5es seguras de produtos e que atendam v\u00e1rios mercados uma vez que no estande localizado na Intermodal haver\u00e1 mais de 50 agentes de 40 pa\u00edses representados. O diferencial desse espa\u00e7o \u00e9 oferecer aos clientes o maior n\u00famero poss\u00edvel de fornecedores, otimizando tempo e abrindo novas possibilidades.<\/p>\n<p>Essa \u00e9 3\u00aa vez que a UN participa da Intermodal no Brasil e a expectativa \u00e9 superar o n\u00famero de reuni\u00f5es feitas em 2022 e os neg\u00f3cios concretizados ao longo do ano.<\/p>\n<p>O idealizador do grupo, Vittorio De Vena, destaca: \u201cquando criamos o grupo, o primeiro pensamento era atuar de forma globalizada, organizada e pr\u00e1tica para os agentes de cargas e clientes. Atuamos criando uma agenda, n\u00e3o s\u00f3 de reuni\u00f5es produtivas e objetivas, mas tamb\u00e9m divulgando as empresas do grupo em todo o mundo. Essa a\u00e7\u00e3o possibilita neg\u00f3cios confi\u00e1veis com maior rentabilidade e amplia oportunidades para novos mercados\u201d.<\/p>\n<p>J\u00e1 para Ana Quirino, CEO da National Freight, membro do grupo e representante do Brasil: \u201cestamos otimistas para a edi\u00e7\u00e3o de 2023. O mercado est\u00e1 aquecido e estarmos juntos em \u00fanico espa\u00e7o favorece novas oportunidades de neg\u00f3cio. Al\u00e9m disso, podemos garantir qualidade e uma rede ampla de atua\u00e7\u00e3o\u201d<\/p>\n<p>Nesse cen\u00e1rio de possibilidades de crescimento para 2023, as empresas interessadas em comercializar produtos de forma internacional poder\u00e3o encontrar no grupo op\u00e7\u00f5es ideais para atender o neg\u00f3cio.<\/p>\n<p>Fonte: Informativo dos Portos<\/p>\n","protected":false},"excerpt":{"rendered":"<p>Algumas dessas empresas se reunir\u00e3o para participar da Intermodal, o maior encontro internacional do setor de log\u00edstica, transporte de carga, tecnologia e com\u00e9rcio exterior da&#8230;<\/p>\n","protected":false},"author":1527,"featured_media":44206,"comment_status":"closed","ping_status":"closed","sticky":false,"template":"","format":"standard","meta":{"footnotes":""},"categories":[6],"tags":[],"class_list":["post-44205","post","type-post","status-publish","format-standard","has-post-thumbnail","hentry","category-noticias"],"_links":{"self":[{"href":"https:\/\/www.sincomam.org.br\/index.php\/wp-json\/wp\/v2\/posts\/44205","targetHints":{"allow":["GET"]}}],"collection":[{"href":"https:\/\/www.sincomam.org.br\/index.php\/wp-json\/wp\/v2\/posts"}],"about":[{"href":"https:\/\/www.sincomam.org.br\/index.php\/wp-json\/wp\/v2\/types\/post"}],"author":[{"embeddable":true,"href":"https:\/\/www.sincomam.org.br\/index.php\/wp-json\/wp\/v2\/users\/1527"}],"replies":[{"embeddable":true,"href":"https:\/\/www.sincomam.org.br\/index.php\/wp-json\/wp\/v2\/comments?post=44205"}],"version-history":[{"count":1,"href":"https:\/\/www.sincomam.org.br\/index.php\/wp-json\/wp\/v2\/posts\/44205\/revisions"}],"predecessor-version":[{"id":44207,"href":"https:\/\/www.sincomam.org.br\/index.php\/wp-json\/wp\/v2\/posts\/44205\/revisions\/44207"}],"wp:featuredmedia":[{"embeddable":true,"href":"https:\/\/www.sincomam.org.br\/index.php\/wp-json\/wp\/v2\/media\/44206"}],"wp:attachment":[{"href":"https:\/\/www.sincomam.org.br\/index.php\/wp-json\/wp\/v2\/media?parent=44205"}],"wp:term":[{"taxonomy":"category","embeddable":true,"href":"https:\/\/www.sincomam.org.br\/index.php\/wp-json\/wp\/v2\/categories?post=44205"},{"taxonomy":"post_tag","embeddable":true,"href":"https:\/\/www.sincomam.org.br\/index.php\/wp-json\/wp\/v2\/tags?post=44205"}],"curies":[{"name":"wp","href":"https:\/\/api.w.org\/{rel}","templated":true}]}}