{"id":44201,"date":"2023-03-01T08:06:19","date_gmt":"2023-03-01T11:06:19","guid":{"rendered":"http:\/\/www.sincomam.org.br\/?p=44201"},"modified":"2023-03-01T08:06:30","modified_gmt":"2023-03-01T11:06:30","slug":"medicos-da-marinha-iniciam-atendimentos-em-hospital-de-campanha","status":"publish","type":"post","link":"https:\/\/www.sincomam.org.br\/index.php\/medicos-da-marinha-iniciam-atendimentos-em-hospital-de-campanha\/","title":{"rendered":"M\u00e9dicos da Marinha iniciam atendimentos em hospital de campanha"},"content":{"rendered":"<p>Iniciaram, na sexta-feira (24), os atendimentos m\u00e9dicos prestados pelos profissionais de sa\u00fade da Marinha do Brasil (MB) \u00e0 popula\u00e7\u00e3o do litoral Norte de S\u00e3o Paulo, que foi atingida por um temporal no \u00faltimo final de semana. A miss\u00e3o \u201cAbrigo pelo Mar\u201d tem o objetivo de refor\u00e7ar o apoio por meio de um Hospital de Campanha (HCamp) que funcionar\u00e1 dentro do Navio-Aer\u00f3dromo Multiprop\u00f3sito \u201cAtl\u00e2ntico\u201d, o maior navio da MB, que est\u00e1 atracado no Porto da cidade de S\u00e3o Sebasti\u00e3o; e outro, montado pelo Grupamento Operativo dos Fuzileiros Navais de Apoio a\u0300 Defesa Civil (ApDefCiv), no bairro de Juquehy.<\/p>\n<p>O Grupamento Operativo dos Fuzileiros Navais de Apoio a\u0300 Defesa Civil \u00e9 composto por militares da sau\u0301de, engenharia, logi\u0301stica, comunicac\u0327a\u0303o, infantaria e operac\u0327o\u0303es especiais, al\u00e9m de integrantes com ampla experie\u0302ncia em situac\u0327o\u0303es de cata\u0301strofes naturais e acionamentos humanita\u0301rios, ja\u0301 tendo sido empregado em misso\u0303es de paz no Haiti e no Li\u0301bano. Ao todo, sa\u0303o 180 fuzileiros; 18 viaturas (incluindo 7 caminho\u0303es, 4 viaturas com trac\u0327a\u0303o 4&#215;4, 2 ambula\u0302ncias, 2 retroescavadeiras e 1 viatura do tipo Bobcat); material hospitalar e medicamentos.\u00a0<\/p>\n<p>A defini\u00e7\u00e3o das localidades de instala\u00e7\u00e3o dos hospitais de campanha foi resultado de um mapeamento feito pela Marinha junto a autoridades do Governo Federal, Secretaria Estadual de Sa\u00fade, Defesa Civil do Estado e demais \u00f3rg\u00e3os envolvidos. \u201cEsse mapeamento foi feito para avaliarmos o melhor emprego e a otimiza\u00e7\u00e3o das capacidades trazidas a bordo do nosso navio. Estamos apoiando, com equipes m\u00f3veis compostas por m\u00e9dicos e psic\u00f3logos, os desabrigados alojados em escolas e igrejas. Al\u00e9m disso, os nossos militares do Grupamento de Fuzileiros Navais est\u00e3o auxiliando, tamb\u00e9m, o Corpo de Bombeiros na desobstru\u00e7\u00e3o de vias secund\u00e1rias e na busca por desaparecidos, inclusive com c\u00e3o farejador\u201d, destaca o Comandante da 1\u00aa Divis\u00e3o da Esquadra, Almirante Marcelo Menezes Cardoso, Comandante do Grupo-Tarefa.<\/p>\n<p>Trinta leitos do HCamp ja\u0301 chegaram a\u0300 regia\u0303o prontos, a bordo do navio \u201cAtla\u0302ntico\u201d, montados ainda durante a sua travessia do Rio de Janeiro ate\u0301 o porto de Sa\u0303o Sebastia\u0303o. O HCamp estara\u0301 aberto ao pu\u0301blico, diariamente, das 8h a\u0300s 18h. O hospital, que e\u0301 de responsabilidade da Unidade Me\u0301dica Expediciona\u0301ria da Marinha, tem estrutura com Consulto\u0301rio Me\u0301dico (Cli\u0301nico Geral), Consulto\u0301rio Pedia\u0301trico, um leito de Servic\u0327o de Estabilizac\u0327a\u0303o do Paciente e seis leitos de enfermaria e curativos.\u00a0<\/p>\n<p>Segundo o Diretor da Unidade M\u00e9dica Expedicion\u00e1ria da Marinha, Capit\u00e3o de Fragata m\u00e9dico Carlos Gustavo F\u00e1vre Drumond, a estrutura montada pela Marinha fornece, no primeiro momento, um atendimento b\u00e1sico. \u201cSer\u00e3o oferecidos m\u00f3dulos de atendimento m\u00e9dico ambulatorial, odontol\u00f3gico e sala de curativos. Conforme a demanda, a proposta \u00e9 ir aumentando esses atendimentos\u201d, ressalta.<\/p>\n<p>Simeia Flor Macedo, de 46 anos, m\u00e3e de um filho que necessita de cuidados espec\u00edficos, foi ao HCamp em busca de uma receita m\u00e9dica. \u201cEu n\u00e3o tenho como ir ao m\u00e9dico dele por causa da situa\u00e7\u00e3o da \u00e1rea de risco em que estamos. Estou sem luz, sem \u00e1gua, vivendo em uma situa\u00e7\u00e3o muito triste, mas gra\u00e7as a Deus temos esse apoio e as doa\u00e7\u00f5es que est\u00e3o fazendo. Esse atendimento do Hospital de Campanha est\u00e1 \u00f3timo, n\u00e3o posso reclamar de nada\u201d, afirma<\/p>\n<p>Fonte: Ag\u00eancia Marinha de Noit\u00edcias<\/p>\n","protected":false},"excerpt":{"rendered":"<p>Iniciaram, na sexta-feira (24), os atendimentos m\u00e9dicos prestados pelos profissionais de sa\u00fade da Marinha do Brasil (MB) \u00e0 popula\u00e7\u00e3o do litoral Norte de S\u00e3o Paulo,&#8230;<\/p>\n","protected":false},"author":1527,"featured_media":44202,"comment_status":"closed","ping_status":"closed","sticky":false,"template":"","format":"standard","meta":{"footnotes":""},"categories":[6],"tags":[],"class_list":["post-44201","post","type-post","status-publish","format-standard","has-post-thumbnail","hentry","category-noticias"],"_links":{"self":[{"href":"https:\/\/www.sincomam.org.br\/index.php\/wp-json\/wp\/v2\/posts\/44201","targetHints":{"allow":["GET"]}}],"collection":[{"href":"https:\/\/www.sincomam.org.br\/index.php\/wp-json\/wp\/v2\/posts"}],"about":[{"href":"https:\/\/www.sincomam.org.br\/index.php\/wp-json\/wp\/v2\/types\/post"}],"author":[{"embeddable":true,"href":"https:\/\/www.sincomam.org.br\/index.php\/wp-json\/wp\/v2\/users\/1527"}],"replies":[{"embeddable":true,"href":"https:\/\/www.sincomam.org.br\/index.php\/wp-json\/wp\/v2\/comments?post=44201"}],"version-history":[{"count":2,"href":"https:\/\/www.sincomam.org.br\/index.php\/wp-json\/wp\/v2\/posts\/44201\/revisions"}],"predecessor-version":[{"id":44204,"href":"https:\/\/www.sincomam.org.br\/index.php\/wp-json\/wp\/v2\/posts\/44201\/revisions\/44204"}],"wp:featuredmedia":[{"embeddable":true,"href":"https:\/\/www.sincomam.org.br\/index.php\/wp-json\/wp\/v2\/media\/44202"}],"wp:attachment":[{"href":"https:\/\/www.sincomam.org.br\/index.php\/wp-json\/wp\/v2\/media?parent=44201"}],"wp:term":[{"taxonomy":"category","embeddable":true,"href":"https:\/\/www.sincomam.org.br\/index.php\/wp-json\/wp\/v2\/categories?post=44201"},{"taxonomy":"post_tag","embeddable":true,"href":"https:\/\/www.sincomam.org.br\/index.php\/wp-json\/wp\/v2\/tags?post=44201"}],"curies":[{"name":"wp","href":"https:\/\/api.w.org\/{rel}","templated":true}]}}