{"id":44163,"date":"2023-02-27T10:15:59","date_gmt":"2023-02-27T13:15:59","guid":{"rendered":"http:\/\/www.sincomam.org.br\/?p=44163"},"modified":"2023-02-27T10:15:59","modified_gmt":"2023-02-27T13:15:59","slug":"sobe-para-62-o-numero-de-mortos-em-naufragio-com-imigrantes-perto-da-costa-da-italia","status":"publish","type":"post","link":"https:\/\/www.sincomam.org.br\/index.php\/sobe-para-62-o-numero-de-mortos-em-naufragio-com-imigrantes-perto-da-costa-da-italia\/","title":{"rendered":"Sobe para 62 o n\u00famero de mortos em naufr\u00e1gio com imigrantes perto da costa da It\u00e1lia"},"content":{"rendered":"<p>O n\u00famero de mortos no naufr\u00e1gio de um barco com imigrantes perto da costa da It\u00e1lia subiu para 62. As v\u00edtimas tiveram seus corpos recuperados por equipes de resgate italianas nesta segunda-feira (27). Acredita-se que outras dezenas estejam desaparecidas.<\/p>\n<p>A embarca\u00e7\u00e3o teria se chocado contra um recife perto da costa da Cal\u00e1bria e quebrado. Mais de 100 pessoas estavam a bordo e havia apenas alguns coletes salva-vidas espalhados entre os escombros.<\/p>\n<p>A ONU e os M\u00e9dicos Sem Fronteiras, que tinham equipes no local, disseram que muitas das v\u00edtimas eram afeg\u00e3s, incluindo membros de fam\u00edlias numerosas, al\u00e9m de paquistaneses e iraquianos.<\/p>\n<p>Os afeg\u00e3os foram a segunda maior nacionalidade a buscar asilo na Uni\u00e3o Europeia no ano passado e t\u00eam fugido cada vez mais dos problemas crescentes de seguran\u00e7a, humanit\u00e1rios e econ\u00f4micos que se seguiram \u00e0 tomada do poder pelo Talib\u00e3 em agosto de 2021.<\/p>\n<p>O canal de TV &#8220;Sky TG24&#8221; da It\u00e1lia disse que pelo menos tr\u00eas pessoas foram detidas por suspeita de terem ajudado a organizar a viagem a partir de Izmir, na Turquia.<\/p>\n<p>Um bombeiro conversou com a ag\u00eancia AP relatando a cena do resgate na praia de Steccato di Cutro, na costa j\u00f4nica da Cal\u00e1bria. Segundo ele, havia muitas crian\u00e7as mortas e cheias de arranh\u00f5es na areia.<\/p>\n<p>O ministro do Interior, Matteo Piantedosi, que liderou a repress\u00e3o da It\u00e1lia \u00e0 migra\u00e7\u00e3o, visitou o local no domingo e se reuniu com autoridades locais em Crotone. Em entrevista coletiva, ele insistiu que a solu\u00e7\u00e3o era acabar com a travessia de migrantes em sua origem.<\/p>\n<p>O governo da It\u00e1lia sob o comando da primeira-ministra Giorgia Meloni tem se concentrado em tentar impedir a partida de barcos de migrantes, ao mesmo tempo em que desencoraja equipes de resgate humanit\u00e1rio a operar no Mediterr\u00e2neo central, onde operam contrabandistas baseados na L\u00edbia.<\/p>\n<p>Meloni disse no domingo que o governo est\u00e1 comprometido com essa pol\u00edtica \u201csobretudo insistindo na m\u00e1xima colabora\u00e7\u00e3o com os pa\u00edses de origem e de partida\u201d.<\/p>\n<p>Fonte: G1<\/p>\n","protected":false},"excerpt":{"rendered":"<p>O n\u00famero de mortos no naufr\u00e1gio de um barco com imigrantes perto da costa da It\u00e1lia subiu para 62. As v\u00edtimas tiveram seus corpos recuperados&#8230;<\/p>\n","protected":false},"author":1527,"featured_media":44165,"comment_status":"closed","ping_status":"closed","sticky":false,"template":"","format":"standard","meta":{"footnotes":""},"categories":[6],"tags":[],"class_list":["post-44163","post","type-post","status-publish","format-standard","has-post-thumbnail","hentry","category-noticias"],"_links":{"self":[{"href":"https:\/\/www.sincomam.org.br\/index.php\/wp-json\/wp\/v2\/posts\/44163","targetHints":{"allow":["GET"]}}],"collection":[{"href":"https:\/\/www.sincomam.org.br\/index.php\/wp-json\/wp\/v2\/posts"}],"about":[{"href":"https:\/\/www.sincomam.org.br\/index.php\/wp-json\/wp\/v2\/types\/post"}],"author":[{"embeddable":true,"href":"https:\/\/www.sincomam.org.br\/index.php\/wp-json\/wp\/v2\/users\/1527"}],"replies":[{"embeddable":true,"href":"https:\/\/www.sincomam.org.br\/index.php\/wp-json\/wp\/v2\/comments?post=44163"}],"version-history":[{"count":1,"href":"https:\/\/www.sincomam.org.br\/index.php\/wp-json\/wp\/v2\/posts\/44163\/revisions"}],"predecessor-version":[{"id":44166,"href":"https:\/\/www.sincomam.org.br\/index.php\/wp-json\/wp\/v2\/posts\/44163\/revisions\/44166"}],"wp:featuredmedia":[{"embeddable":true,"href":"https:\/\/www.sincomam.org.br\/index.php\/wp-json\/wp\/v2\/media\/44165"}],"wp:attachment":[{"href":"https:\/\/www.sincomam.org.br\/index.php\/wp-json\/wp\/v2\/media?parent=44163"}],"wp:term":[{"taxonomy":"category","embeddable":true,"href":"https:\/\/www.sincomam.org.br\/index.php\/wp-json\/wp\/v2\/categories?post=44163"},{"taxonomy":"post_tag","embeddable":true,"href":"https:\/\/www.sincomam.org.br\/index.php\/wp-json\/wp\/v2\/tags?post=44163"}],"curies":[{"name":"wp","href":"https:\/\/api.w.org\/{rel}","templated":true}]}}