{"id":44159,"date":"2023-02-27T10:07:36","date_gmt":"2023-02-27T13:07:36","guid":{"rendered":"http:\/\/www.sincomam.org.br\/?p=44159"},"modified":"2023-02-27T10:07:36","modified_gmt":"2023-02-27T13:07:36","slug":"marinha-intensifica-assistencia-a-populacao-de-sao-sebastiao-com-a-operacao-abrigo-pelo-mar","status":"publish","type":"post","link":"https:\/\/www.sincomam.org.br\/index.php\/marinha-intensifica-assistencia-a-populacao-de-sao-sebastiao-com-a-operacao-abrigo-pelo-mar\/","title":{"rendered":"Marinha intensifica assist\u00eancia \u00e0 popula\u00e7\u00e3o de S\u00e3o Sebasti\u00e3o com a Opera\u00e7\u00e3o \u201cAbrigo pelo Mar\u201d"},"content":{"rendered":"<p>Tiveram continuidade, nesse s\u00e1bado (25), os atendimentos m\u00e9dicos realizados por equipes de sa\u00fade da Marinha do Brasil (MB), no munic\u00edpio de S\u00e3o Sebasti\u00e3o (SP), atingido por fortes chuvas que deixaram diversas v\u00edtimas e boa parte da popula\u00e7\u00e3o em situa\u00e7\u00e3o de desabrigo e vulnerabilidade.<\/p>\n<p>Por meio da Opera\u00e7\u00e3o \u201cAbrigo pelo Mar\u201d, a MB disponibilizou dois Hospitais de Campanha (Hcamp), um a bordo do Navio-Aer\u00f3dromo Multiprop\u00f3sito (NAM) \u201cAtl\u00e2ntico\u201d e o outro no bairro de Juquehy, que nesse s\u00e1bado atendeu 82 pacientes, sendo 27 crian\u00e7as. Al\u00e9m disso, uma equipe m\u00f3vel formada por um pediatra, um ortopedista, um cl\u00ednico geral, um enfermeiro e dois t\u00e9cnicos de enfermagem tamb\u00e9m prestaram 66 atendimentos, sendo 14 crian\u00e7as. O atendimento m\u00f3vel ocorreu na Escola Municipal Henrique Tavares de Jesus, em Barra do Sahy.<\/p>\n<p>O Comandante em Chefe da Esquadra, Vice-Almirante Edgar Luiz Siqueira Barbosa, pontuou que a Opera\u00e7\u00e3o \u201cAbrigo pelo Mar\u201d \u00e9 uma atividade benigna e que a ajuda humanit\u00e1ria faz parte da doutrina militar. \u201cEstamos dando apoio \u00e0 Defesa Civil logo ap\u00f3s o desastre com as chuvas ocorridas no \u00faltimo fim de semana, no litoral norte de S\u00e3o Paulo. A Marinha possui pessoas capacitadas tanto para realizar planejamento, como para exercer essa a\u00e7\u00e3o que envolve meios da Esquadra, meios distritais do Comando do 8\u00ba Distrito Naval, meios da For\u00e7a de Fuzileiros Navais e profissionais da sa\u00fade\u201d.<\/p>\n<p>A log\u00edstica de uma opera\u00e7\u00e3o como essa tamb\u00e9m passa pela forma como o pessoal ser\u00e1 distribu\u00eddo. O Comandante da For\u00e7a de Fuzileiros da Esquadra, Vice-Almirante (Fuzileiro Naval) Renato Rangel Ferreira, explicou como foi realizado o planejamento do trabalho dos fuzileiros navais. \u201cEssa modularidade de poder manter uma parte do Grupamento Operativo operando a bordo do NAM \u2018Atl\u00e2ntico\u2019 e, ao mesmo tempo, projetar metade do Hospital de Campanha para operar a partir de terra foi a \u00eanfase da organiza\u00e7\u00e3o da opera\u00e7\u00e3o \u2018Abrigo pelo Mar\u2019, pois foi o que se mostrou necess\u00e1rio\u201d, pontuou.<\/p>\n<p>Edvaldo de Farias Prado, que \u00e9 auxiliar de manuten\u00e7\u00e3o, foi um dos pacientes atendidos pelo Hcamp no Juquehy e afirmou ter sido bem assistido pela equipe de sa\u00fade. \u201cQuero agradecer o pessoal da Marinha pela aten\u00e7\u00e3o aos moradores aqui do bairro que passaram por essa trag\u00e9dia\u201d.<\/p>\n<p>Ainda na manh\u00e3 desse s\u00e1bado (25), o Vice-Presidente da Rep\u00fablica, Geraldo Alckmin, esteve a bordo do NAM \u201cAtl\u00e2ntico\u201d e descreveu o que viu do atendimento humanit\u00e1rio ao p\u00fablico de S\u00e3o Sebasti\u00e3o. \u201cAcabamos de sair do navio, o maior da frota brasileira. A gente v\u00ea aqui uma grande solidariedade \u00e0s fam\u00edlias das v\u00edtimas, solidariedade salvando vidas, solidariedade ao povo de S\u00e3o Sebasti\u00e3o. Conheci o trabalho da Marinha, o hospital e o ambulat\u00f3rio de retaguarda e do litoral sul, e isso \u00e9 importante para a log\u00edstica que, por exemplo, recebe helic\u00f3pteros. Temos mil militares envolvidos no trabalho, ent\u00e3o \u00e9 hora de agradecer aos volunt\u00e1rios, \u00e0s Organiza\u00e7\u00f5es N\u00e3o Governamentais e ao Setor P\u00fablico Federal, Estadual e Municipal por cuidar dos benef\u00edcios da popula\u00e7\u00e3o\u201d.<\/p>\n<p>Desobstru\u00e7\u00e3o de via terrestre<br \/>\nO Grupamento Operativo dos Fuzileiros Navais permanece colaborando com a Defesa Civil e a prefeitura de S\u00e3o Sebasti\u00e3o nas desobstru\u00e7\u00f5es de vias, utilizando uma retroescavadeira, uma p\u00e1 carregadeira e um caminh\u00e3o basculante. Nesse s\u00e1bado (25), foi desobstru\u00edda uma via de aproximadamente 30 metros.<\/p>\n<p>Apoio \u00e0 aldeia ind\u00edgena<br \/>\nEsse s\u00e1bado (25) tamb\u00e9m foi marcado por doa\u00e7\u00e3o de alimentos \u00e0 Aldeia do Rio Silveira, que abriga cerca de 500 ind\u00edgenas, no bairro Borac\u00e9ia, em S\u00e3o Sebasti\u00e3o (SP).<\/p>\n<p>Evacua\u00e7\u00e3o aerom\u00e9dica<br \/>\nEdinice Nunes dos Santos, de 48 anos, moradora de S\u00e3o Sebasti\u00e3o, precisou ser levada de aeronave para ser atendida no Complexo M\u00e9dico do NAM \u201cAtl\u00e2ntico\u201d. Ela necessitava de um atendimento m\u00e9dico ortop\u00e9dico e estava com dificuldade para acessar o hospital regional. A paciente foi avaliada e medicada pela equipe m\u00e9dica do navio.<\/p>\n<p>Fonte: Defesa em Foco<\/p>\n","protected":false},"excerpt":{"rendered":"<p>Tiveram continuidade, nesse s\u00e1bado (25), os atendimentos m\u00e9dicos realizados por equipes de sa\u00fade da Marinha do Brasil (MB), no munic\u00edpio de S\u00e3o Sebasti\u00e3o (SP), atingido&#8230;<\/p>\n","protected":false},"author":1527,"featured_media":44160,"comment_status":"closed","ping_status":"closed","sticky":false,"template":"","format":"standard","meta":{"footnotes":""},"categories":[6],"tags":[],"class_list":["post-44159","post","type-post","status-publish","format-standard","has-post-thumbnail","hentry","category-noticias"],"_links":{"self":[{"href":"https:\/\/www.sincomam.org.br\/index.php\/wp-json\/wp\/v2\/posts\/44159","targetHints":{"allow":["GET"]}}],"collection":[{"href":"https:\/\/www.sincomam.org.br\/index.php\/wp-json\/wp\/v2\/posts"}],"about":[{"href":"https:\/\/www.sincomam.org.br\/index.php\/wp-json\/wp\/v2\/types\/post"}],"author":[{"embeddable":true,"href":"https:\/\/www.sincomam.org.br\/index.php\/wp-json\/wp\/v2\/users\/1527"}],"replies":[{"embeddable":true,"href":"https:\/\/www.sincomam.org.br\/index.php\/wp-json\/wp\/v2\/comments?post=44159"}],"version-history":[{"count":1,"href":"https:\/\/www.sincomam.org.br\/index.php\/wp-json\/wp\/v2\/posts\/44159\/revisions"}],"predecessor-version":[{"id":44161,"href":"https:\/\/www.sincomam.org.br\/index.php\/wp-json\/wp\/v2\/posts\/44159\/revisions\/44161"}],"wp:featuredmedia":[{"embeddable":true,"href":"https:\/\/www.sincomam.org.br\/index.php\/wp-json\/wp\/v2\/media\/44160"}],"wp:attachment":[{"href":"https:\/\/www.sincomam.org.br\/index.php\/wp-json\/wp\/v2\/media?parent=44159"}],"wp:term":[{"taxonomy":"category","embeddable":true,"href":"https:\/\/www.sincomam.org.br\/index.php\/wp-json\/wp\/v2\/categories?post=44159"},{"taxonomy":"post_tag","embeddable":true,"href":"https:\/\/www.sincomam.org.br\/index.php\/wp-json\/wp\/v2\/tags?post=44159"}],"curies":[{"name":"wp","href":"https:\/\/api.w.org\/{rel}","templated":true}]}}