{"id":44150,"date":"2023-02-27T09:52:52","date_gmt":"2023-02-27T12:52:52","guid":{"rendered":"http:\/\/www.sincomam.org.br\/?p=44150"},"modified":"2023-02-27T09:52:52","modified_gmt":"2023-02-27T12:52:52","slug":"receita-confirma-reoneracao-de-gasolina-e-etanol-no-fim-do-mes","status":"publish","type":"post","link":"https:\/\/www.sincomam.org.br\/index.php\/receita-confirma-reoneracao-de-gasolina-e-etanol-no-fim-do-mes\/","title":{"rendered":"RECEITA CONFIRMA REONERA\u00c7\u00c3O DE GASOLINA E ETANOL NO FIM DO M\u00caS"},"content":{"rendered":"<p>O consumidor de combust\u00edveis deve preparar o bolso. A gasolina e o etanol subir\u00e3o no fim do m\u00eas, com o fim da desonera\u00e7\u00e3o do Programa de Integra\u00e7\u00e3o Social (PIS) e da Contribui\u00e7\u00e3o para o Financiamento da Seguridade Social (Cofins), que vigora desde o segundo semestre do ano passado.<\/p>\n<p>Ao comentar o resultado da arrecada\u00e7\u00e3o de janeiro, o chefe do Centro de Estudos Tribut\u00e1rios e Aduaneiros da Receita Federal, Claudemir Malaquias, confirmou a reonera\u00e7\u00e3o no fim do m\u00eas. A data consta da Medida Provis\u00f3ria 1.157, assinada pelo presidente Luiz In\u00e1cio Lula da Silva em 1\u00ba de janeiro.<\/p>\n<p>\u201cDe fato, a MP previu que a al\u00edquota de desonera\u00e7\u00e3o seria vigente at\u00e9 o final deste m\u00eas. A reonera\u00e7\u00e3o est\u00e1 prevista conforme a norma que est\u00e1 vigendo\u201d, afirmou Malaquias durante a entrevista.<\/p>\n<p>A medida provis\u00f3ria estendeu at\u00e9 28 de fevereiro as isen\u00e7\u00f5es de PIS e Cofins cobradas da gasolina e do \u00e1lcool combust\u00edvel e at\u00e9 31 de dezembro as isen\u00e7\u00f5es do \u00f3leo diesel e biodiesel. Essas isen\u00e7\u00f5es haviam sido concedidas no ano passado pelo ex-presidente Jair Bolsonaro.<\/p>\n<p>Hoje, Lula encontrou-se com o presidente da Petrobras, Jean Paul Prates, para discutir o reajuste dos combust\u00edveis. Com o fim da desonera\u00e7\u00e3o, voltam a vigorar as al\u00edquotas anteriores, de R$ 0,792 por litro da gasolina A (sem mistura de etanol) e de R$ 0,242 por litro do etanol. O repasse aos consumidores, no entanto, depender\u00e1 das distribuidoras e dos postos de combust\u00edveis.<\/p>\n<p>No in\u00edcio do ano, ao anunciar o pacote com medidas para melhorar as contas p\u00fablicas, o ministro da Fazenda, Fernando Haddad, afirmou que a recomposi\u00e7\u00e3o dos tributos render\u00e1 R$ 28,88 bilh\u00f5es ao caixa do governo em 2023. S\u00f3 em janeiro, segundo c\u00e1lculos da Receita Federal divulgados hoje, o governo deixou de arrecadar R$ 3,75 bilh\u00f5es com a prorroga\u00e7\u00e3o da al\u00edquota zero.<\/p>\n<p>Fonte: Ag\u00eancia Brasil<\/p>\n","protected":false},"excerpt":{"rendered":"<p>O consumidor de combust\u00edveis deve preparar o bolso. A gasolina e o etanol subir\u00e3o no fim do m\u00eas, com o fim da desonera\u00e7\u00e3o do Programa&#8230;<\/p>\n","protected":false},"author":1527,"featured_media":44151,"comment_status":"closed","ping_status":"closed","sticky":false,"template":"","format":"standard","meta":{"footnotes":""},"categories":[6],"tags":[],"class_list":["post-44150","post","type-post","status-publish","format-standard","has-post-thumbnail","hentry","category-noticias"],"_links":{"self":[{"href":"https:\/\/www.sincomam.org.br\/index.php\/wp-json\/wp\/v2\/posts\/44150","targetHints":{"allow":["GET"]}}],"collection":[{"href":"https:\/\/www.sincomam.org.br\/index.php\/wp-json\/wp\/v2\/posts"}],"about":[{"href":"https:\/\/www.sincomam.org.br\/index.php\/wp-json\/wp\/v2\/types\/post"}],"author":[{"embeddable":true,"href":"https:\/\/www.sincomam.org.br\/index.php\/wp-json\/wp\/v2\/users\/1527"}],"replies":[{"embeddable":true,"href":"https:\/\/www.sincomam.org.br\/index.php\/wp-json\/wp\/v2\/comments?post=44150"}],"version-history":[{"count":1,"href":"https:\/\/www.sincomam.org.br\/index.php\/wp-json\/wp\/v2\/posts\/44150\/revisions"}],"predecessor-version":[{"id":44152,"href":"https:\/\/www.sincomam.org.br\/index.php\/wp-json\/wp\/v2\/posts\/44150\/revisions\/44152"}],"wp:featuredmedia":[{"embeddable":true,"href":"https:\/\/www.sincomam.org.br\/index.php\/wp-json\/wp\/v2\/media\/44151"}],"wp:attachment":[{"href":"https:\/\/www.sincomam.org.br\/index.php\/wp-json\/wp\/v2\/media?parent=44150"}],"wp:term":[{"taxonomy":"category","embeddable":true,"href":"https:\/\/www.sincomam.org.br\/index.php\/wp-json\/wp\/v2\/categories?post=44150"},{"taxonomy":"post_tag","embeddable":true,"href":"https:\/\/www.sincomam.org.br\/index.php\/wp-json\/wp\/v2\/tags?post=44150"}],"curies":[{"name":"wp","href":"https:\/\/api.w.org\/{rel}","templated":true}]}}