{"id":44136,"date":"2023-02-24T08:27:29","date_gmt":"2023-02-24T11:27:29","guid":{"rendered":"http:\/\/www.sincomam.org.br\/?p=44136"},"modified":"2023-02-24T08:27:29","modified_gmt":"2023-02-24T11:27:29","slug":"marinha-realiza-diversas-acoes-em-salvador-durante-o-periodo-de-folia","status":"publish","type":"post","link":"https:\/\/www.sincomam.org.br\/index.php\/marinha-realiza-diversas-acoes-em-salvador-durante-o-periodo-de-folia\/","title":{"rendered":"Marinha realiza diversas a\u00e7\u00f5es em Salvador durante o per\u00edodo de folia"},"content":{"rendered":"<p align=\"justify\">Ap\u00f3s dois anos sem Carnaval por conta da pandemia da covid-19, o carnaval deste ano em Salvador (BA) come\u00e7ou na quinta (16) e foi realizado at\u00e9 a quarta-feira de cinzas, dia 21 de fevereiro.<\/p>\n<p align=\"justify\">Em continuidade \u00e0s atividades previstas na\u00a0Opera\u00e7\u00e3o Ver\u00e3o\u00a02022\/2023, que se encerram no dia 28 de fevereiro, a Marinha do Brasil (MB) mobilizou equipes de inspe\u00e7\u00e3o naval da Capitania dos Portos da Bahia (CPBA), da Capitania dos Portos de Sergipe (CPSE) e das delegacias e ag\u00eancias da \u00e1rea de jurisdi\u00e7\u00e3o do Comando do 2\u00b0 Distrito Naval (Com2\u00baDN), que abrange os estados da Bahia e Sergipe.<\/p>\n<div class=\"td-a-rec td-a-rec-id-content_inline td_uid_2_63f88bde7d00a_rand td_block_template_11\">\n<p>Durante a Opera\u00e7\u00e3o Carnaval (16 a 22 de fevereiro), em Salvador (BA), a CPBA realizou 1.565 abordagens \u00e0 embarca\u00e7\u00f5es, com 75 notifica\u00e7\u00f5es, oito apreens\u00f5es, realizadas principalmente nos seguintes locais: Barra\/Porto da Barra; Praia da Ribeira; S\u00e3o Tom\u00e9 de Paripe; Madre de Deus; Morro de S\u00e3o Paulo; Gamboa do Morro; Boipeba; e Barra do Jacu\u00edpe.<\/p>\n<\/div>\n<p align=\"justify\">Tamb\u00e9m durante o per\u00edodo, ocorreram dois eventos que se destacaram e contaram com a participa\u00e7\u00e3o da Marinha: a chegada do cano\u00edsta sul-africano Richard Kohler e a passagem do veleiro-escola do Grupo de Escoteiros do Brasil, que iniciou sua jornada no dia 14 de fevereiro em Natal (RN), tendo como destino final o Porto de Paranagu\u00e1 (PR).<\/p>\n<p align=\"justify\"><strong>Cano\u00edsta sul-africano<\/strong><\/p>\n<p align=\"justify\">O Com2\u00baDN apoiou a chegada do sul-africano Richard Kohler ap\u00f3s o cano\u00edsta cruzar o oceano atl\u00e2ntico em um caiaque solo. A travessia, conclu\u00edda no dia 19 de fevereiro, durou 64 dias e partiu da Cidade do Cabo com destino \u00e0 capital baiana.<\/p>\n<p align=\"justify\">Para Richard, ser recepcionado pela Marinha do Brasil foi motivo de orgulho: \u201cFico muito grato por ter sido recebido pela Marinha na minha chegada. Isso mostra a import\u00e2ncia que a For\u00e7a confere aos assuntos relacionados ao mar. Uma das causas dessa minha expedi\u00e7\u00e3o \u00e9 chamar aten\u00e7\u00e3o para a nossa responsabilidade de cuidar dos nossos oceanos.\u201d<\/p>\n<p align=\"justify\">Na ocasi\u00e3o, uma lancha da Capitania dos Portos da Bahia realizou a escolta da embarca\u00e7\u00e3o desde a entrada da boca da Barra at\u00e9 o local de atraca\u00e7\u00e3o do caiaque. Antes, por\u00e9m, Richard consolidou a expedi\u00e7\u00e3o pisando nas areias da praia do Porto da Barra, onde foi recepcionado por uma representa\u00e7\u00e3o do Com2\u00baDN e integrantes da comunidade mar\u00edtima.<\/p>\n<p align=\"justify\"><strong>Veleiro Escola<\/strong><\/p>\n<p align=\"justify\">Seis veleadores da modalidade do mar navegam, desde o dia 14 pela costa brasileira, a bordo do veleiro-escola do Grupo Escoteiro do Brasil, em um trajeto iniciado em Natal (RN), com destino final no Porto de Paranagu\u00e1 (PR).<\/p>\n<p align=\"justify\">A comiss\u00e3o se trata da primeira expedi\u00e7\u00e3o com representantes dos Escoteiros do Brasil a bordo da embarca\u00e7\u00e3o, que esteve fundeada nos dias 20 e 21 no cais da Capitania dos Portos da Bahia, onde recebeu a visita dos Escoteiros do Mar, no dia 21.<\/p>\n<p class=\" aBigClassNameToAvoidCollisionInText aBigClassNameToAvoidCollisionInText\" align=\"justify\">Cerca de 25 crian\u00e7as e jovens de grupos de escoteiros do mar tiveram a oportunidade de aprofundar o conhecimento sobre o mundo mar\u00edtimo e suas peculiaridades. Um dos visitantes, Felipe Ramos Ribeiro Santiago, de 14 anos, do Grupo Escoteiro do Mar \u201cLuis Tarquinio \u2013 4\u00b0 BA (GEMAR)\u201d, disse que, apesar de j\u00e1 ter conhecido o Navio\u2013Veleiro \u201cCisne Branco\u201d, o veleiro dos escoteiros o surpreendeu. \u201cApesar do veleiro parecer pequeno por fora, ele \u00e9 bem espa\u00e7oso. Achei interessante conhecer as instala\u00e7\u00f5es e ver que tem escrit\u00f3rio, cozinha, quartos, banheiros. Quem v\u00ea de longe, nem imagina\u201d, afirmou.<\/p>\n<p align=\"justify\">\u201cEssa navega\u00e7\u00e3o pela costa do Brasil \u00e9 algo in\u00e9dito para os Escoteiros do Brasil. Os associados maiores de 18 anos, que possuem habilidades n\u00e1uticas e se interessarem, podem tamb\u00e9m realizar um trecho do trajeto conosco\u201d, convida o Coordenador Nacional da Modalidade do Mar (CONAMAR) da Uni\u00e3o dos Escoteiros do Brasil, Marco Ant\u00f4nio Bortoli.<\/p>\n<div class=\"google-auto-placed ap_container\">\n<p align=\"justify\">Segundo Bortoli, o objetivo \u00e9 que ainda no segundo semestre deste ano todos os associados possam navegar. Para uma das tripulantes e integrante do Grupo Escoteiro do Mar \u201cBons Ventos (GEMAR \u2013 200\/RN)\u201d, D\u00e9bora Ramos de Oliveira, 44 anos, essa experi\u00eancia vai ser fundamental, uma vez que, segundo ela, o escotismo s\u00f3 se aprende na pr\u00e1tica: \u201cPor meio do veleiro, os jovens e os adultos v\u00e3o aprender as artes e as t\u00e9cnicas marinheiras, a navega\u00e7\u00e3o \u00e0 vela, os esportes submarinos e n\u00e1uticos, al\u00e9m de dividirem as responsabilidades quando estiverem embarcados\u201d.<\/p>\n<p align=\"justify\">Assim, mesmo os escoteiros que s\u00e3o da modalidade b\u00e1sica e do ar poder\u00e3o, a partir do segundo semestre, participar das comiss\u00f5es, uma vez que \u201c\u00e9 uma oportunidade de crescimento pessoal, aprendizado de valores e de vida em sociedade\u201d, ressalta.<\/p>\n<p align=\"justify\">Danilo Dantas, de 37 anos, um dos tripulantes e integrante do Grupo Escoteiro do Mar \u201cArt\u00edfices N\u00e1uticos (GEMAN \u2013 64\/RN)\u201d, destacou que quando est\u00e3o dentro da embarca\u00e7\u00e3o, todos t\u00eam que trabalhar em conjunto. \u201cAo vivenciarem essa realidade, os jovens aprender\u00e3o pela a\u00e7\u00e3o, elabora\u00e7\u00e3o e inova\u00e7\u00e3o. Ao adentrarem no mundo corporativo, por exemplo, vai ser mais f\u00e1cil, pois eles v\u00e3o ter aprendido valores pessoais, profissionais e a import\u00e2ncia de se trabalhar em grupo\u201d, afirmou.<\/p>\n<p align=\"justify\">O veleiro, que j\u00e1 passou pela Para\u00edba (PB) e Alagoas (AL) partiu de Salvador no dia 21. Para realizar a visita ou uma \u2018pernada\u2019, basta entrar em contato com a coordena\u00e7\u00e3o nacional atrav\u00e9s do WhatsApp (41) 3090-7923.<\/p>\n<p align=\"justify\"><strong>Escoteiros do Mar<\/strong><\/p>\n<p align=\"justify\">O Movimento Escoteiro foi fundado em 1907 pelo General Robert Baden \u2013 Powell, na Inglaterra. Em 17 de abril de 1910, o Encoura\u00e7ado \u201cMinas Gerais\u201d chegou ao Brasil junto com os novos navios constru\u00eddos na Inglaterra. Na ocasi\u00e3o, os primeiros manuais, uniformes e escoteiros brasileiros, filhos de alguns dos oficiais e suboficiais que estavam na comiss\u00e3o de recebimento dos navios na Inglaterra, e que fizeram parte do in\u00edcio do Movimento Escoteiro naquele pa\u00eds, tamb\u00e9m chegaram com os navios. Sendo assim, a Marinha trouxe o Escotismo ao Brasil em 1910 e, na d\u00e9cada de 1920, garantia o desenvolvimento do Escotismo do Mar por meio do Aviso n\u00ba 3.811, de 28 de mar\u00e7o de 1923, do Ministro da Marinha, o qual criou o primeiro regulamento dos Escoteiros do Mar.<\/p>\n<p align=\"justify\">Fonte: Defesa em Foco<\/p>\n<\/div>\n","protected":false},"excerpt":{"rendered":"<p>Ap\u00f3s dois anos sem Carnaval por conta da pandemia da covid-19, o carnaval deste ano em Salvador (BA) come\u00e7ou na quinta (16) e foi realizado&#8230;<\/p>\n","protected":false},"author":1527,"featured_media":0,"comment_status":"closed","ping_status":"closed","sticky":false,"template":"","format":"standard","meta":{"footnotes":""},"categories":[6],"tags":[],"class_list":["post-44136","post","type-post","status-publish","format-standard","hentry","category-noticias"],"_links":{"self":[{"href":"https:\/\/www.sincomam.org.br\/index.php\/wp-json\/wp\/v2\/posts\/44136","targetHints":{"allow":["GET"]}}],"collection":[{"href":"https:\/\/www.sincomam.org.br\/index.php\/wp-json\/wp\/v2\/posts"}],"about":[{"href":"https:\/\/www.sincomam.org.br\/index.php\/wp-json\/wp\/v2\/types\/post"}],"author":[{"embeddable":true,"href":"https:\/\/www.sincomam.org.br\/index.php\/wp-json\/wp\/v2\/users\/1527"}],"replies":[{"embeddable":true,"href":"https:\/\/www.sincomam.org.br\/index.php\/wp-json\/wp\/v2\/comments?post=44136"}],"version-history":[{"count":1,"href":"https:\/\/www.sincomam.org.br\/index.php\/wp-json\/wp\/v2\/posts\/44136\/revisions"}],"predecessor-version":[{"id":44138,"href":"https:\/\/www.sincomam.org.br\/index.php\/wp-json\/wp\/v2\/posts\/44136\/revisions\/44138"}],"wp:attachment":[{"href":"https:\/\/www.sincomam.org.br\/index.php\/wp-json\/wp\/v2\/media?parent=44136"}],"wp:term":[{"taxonomy":"category","embeddable":true,"href":"https:\/\/www.sincomam.org.br\/index.php\/wp-json\/wp\/v2\/categories?post=44136"},{"taxonomy":"post_tag","embeddable":true,"href":"https:\/\/www.sincomam.org.br\/index.php\/wp-json\/wp\/v2\/tags?post=44136"}],"curies":[{"name":"wp","href":"https:\/\/api.w.org\/{rel}","templated":true}]}}