{"id":44133,"date":"2023-02-24T08:15:56","date_gmt":"2023-02-24T11:15:56","guid":{"rendered":"http:\/\/www.sincomam.org.br\/?p=44133"},"modified":"2023-02-24T08:15:56","modified_gmt":"2023-02-24T11:15:56","slug":"mais-de-27-milhoes-poderao-sacar-abono-salarial-a-partir-de-abril","status":"publish","type":"post","link":"https:\/\/www.sincomam.org.br\/index.php\/mais-de-27-milhoes-poderao-sacar-abono-salarial-a-partir-de-abril\/","title":{"rendered":"Mais de 2,7 milh\u00f5es poder\u00e3o sacar abono salarial a partir de abril"},"content":{"rendered":"<p>Mais de 2,7 milh\u00f5es de trabalhadores poder\u00e3o sacar o abono salarial de 2021 a partir\u00a0de abril. A Dataprev, estatal respons\u00e1vel pelo cadastro de trabalhadores, fez um novo processamento de dados que resultou na libera\u00e7\u00e3o do benef\u00edcio a mais pessoas neste ano.<img decoding=\"async\" src=\"https:\/\/agenciabrasil.ebc.com.br\/ebc.png?id=1512565&amp;o=node\" \/><img decoding=\"async\" src=\"https:\/\/agenciabrasil.ebc.com.br\/ebc.gif?id=1512565&amp;o=node\" \/><\/p>\n<p>A lista de novos beneficiados estar\u00e1 dispon\u00edvel a partir de\u00a05 de abril. Quem nasceu\u00a0de janeiro\u00a0a junho ou tem o d\u00edgito final do Pasep de 0 a 3 receber\u00e1 em\u00a017 de abril. Para os demais trabalhadores, o abono salarial ser\u00e1 liberado conforme o\u00a0calend\u00e1rio original.<\/p>\n<p>Com a medida, o n\u00famero de beneficiados com o abono salarial do Programa de Integra\u00e7\u00e3o Social (PIS) e do Programa de Forma\u00e7\u00e3o do Patrim\u00f4nio do Servidor P\u00fablico (Pasep) salta de 22 milh\u00f5es para R$ 24,7 milh\u00f5es em 2023. O abono salarial\u00a0come\u00e7ou a ser pago\u00a0no \u00faltimo dia 15, para os trabalhadores nascidos em janeiro e fevereiro.<\/p>\n<p>Em nota, o Minist\u00e9rio do Trabalho e Emprego informou que o reprocessamento de dados incluiu na lista os trabalhadores com conflitos de dados, como mais de uma inscri\u00e7\u00e3o no PIS\/Pasep declarada pelos empregadores ou diverg\u00eancias identificadas pela Receita Federal. Desde o ano passado, as declara\u00e7\u00f5es das empresas ao e-Social passaram a ser usadas como fonte para a concess\u00e3o de abono salarial, junto com a tradicional Rela\u00e7\u00e3o Anual de Informa\u00e7\u00f5es Sociais (Rais).<\/p>\n<p>Segundo o minist\u00e9rio, a mudan\u00e7a melhorou a identifica\u00e7\u00e3o das diverg\u00eancias na Receita Federal e agilizou o procedimento. Isso porque a corre\u00e7\u00e3o dos dados por parte do empregador ou do trabalhador passa a ocorrer de forma autom\u00e1tica, com base no cruzamento das informa\u00e7\u00f5es.<\/p>\n<p>O trabalhador poder\u00e1 pedir recurso a partir de\u00a05 de abril\u00a0nos canais de atendimento do Minist\u00e9rio do Trabalho e Emprego, nas unidades das Superintend\u00eancias Regionais do Trabalho ou pelo e-mail:\u00a0trabalho.uf@economia.gov.br\u00a0(substituindo os d\u00edgitos uf pela sigla do Estado de domic\u00edlio do trabalhador).<\/p>\n<h2>Benef\u00edcio<\/h2>\n<p>O abono salarial de at\u00e9 um sal\u00e1rio m\u00ednimo \u00e9 pago aos trabalhadores inscritos no PIS\u00a0ou no Pasep\u00a0h\u00e1 pelo menos cinco anos. Recebe o abono agora quem trabalhou formalmente por pelo menos 30 dias em 2021, com remunera\u00e7\u00e3o mensal m\u00e9dia de at\u00e9 dois sal\u00e1rios m\u00ednimos.<\/p>\n<p>Para servidores p\u00fablicos, militares e empregados de estatais, inscritos no Pasep, a libera\u00e7\u00e3o ocorre pelo Banco do Brasil, nas mesmas datas do PIS. Nos dois casos, no PIS e no Pasep, o dinheiro estar\u00e1 dispon\u00edvel at\u00e9\u00a028 de dezembro. Ap\u00f3s esse prazo, os recursos voltam para o caixa do governo.<\/p>\n<p>Fonte: Ag\u00eancia Brasil<\/p>\n","protected":false},"excerpt":{"rendered":"<p>Mais de 2,7 milh\u00f5es de trabalhadores poder\u00e3o sacar o abono salarial de 2021 a partir\u00a0de abril. A Dataprev, estatal respons\u00e1vel pelo cadastro de trabalhadores, fez&#8230;<\/p>\n","protected":false},"author":1527,"featured_media":0,"comment_status":"closed","ping_status":"closed","sticky":false,"template":"","format":"standard","meta":{"footnotes":""},"categories":[6],"tags":[],"class_list":["post-44133","post","type-post","status-publish","format-standard","hentry","category-noticias"],"_links":{"self":[{"href":"https:\/\/www.sincomam.org.br\/index.php\/wp-json\/wp\/v2\/posts\/44133","targetHints":{"allow":["GET"]}}],"collection":[{"href":"https:\/\/www.sincomam.org.br\/index.php\/wp-json\/wp\/v2\/posts"}],"about":[{"href":"https:\/\/www.sincomam.org.br\/index.php\/wp-json\/wp\/v2\/types\/post"}],"author":[{"embeddable":true,"href":"https:\/\/www.sincomam.org.br\/index.php\/wp-json\/wp\/v2\/users\/1527"}],"replies":[{"embeddable":true,"href":"https:\/\/www.sincomam.org.br\/index.php\/wp-json\/wp\/v2\/comments?post=44133"}],"version-history":[{"count":1,"href":"https:\/\/www.sincomam.org.br\/index.php\/wp-json\/wp\/v2\/posts\/44133\/revisions"}],"predecessor-version":[{"id":44135,"href":"https:\/\/www.sincomam.org.br\/index.php\/wp-json\/wp\/v2\/posts\/44133\/revisions\/44135"}],"wp:attachment":[{"href":"https:\/\/www.sincomam.org.br\/index.php\/wp-json\/wp\/v2\/media?parent=44133"}],"wp:term":[{"taxonomy":"category","embeddable":true,"href":"https:\/\/www.sincomam.org.br\/index.php\/wp-json\/wp\/v2\/categories?post=44133"},{"taxonomy":"post_tag","embeddable":true,"href":"https:\/\/www.sincomam.org.br\/index.php\/wp-json\/wp\/v2\/tags?post=44133"}],"curies":[{"name":"wp","href":"https:\/\/api.w.org\/{rel}","templated":true}]}}