{"id":44119,"date":"2023-02-17T11:44:25","date_gmt":"2023-02-17T14:44:25","guid":{"rendered":"http:\/\/www.sincomam.org.br\/?p=44119"},"modified":"2023-02-17T11:44:25","modified_gmt":"2023-02-17T14:44:25","slug":"mp-pede-mais-tempo-e-quer-que-orgao-tecnico-analise-documentos-da-agetransp-sobre-acordo-entre-rj-e-barcas","status":"publish","type":"post","link":"https:\/\/www.sincomam.org.br\/index.php\/mp-pede-mais-tempo-e-quer-que-orgao-tecnico-analise-documentos-da-agetransp-sobre-acordo-entre-rj-e-barcas\/","title":{"rendered":"MP pede mais tempo e quer que \u00f3rg\u00e3o t\u00e9cnico analise documentos da Agetransp sobre acordo entre RJ e Barcas"},"content":{"rendered":"<div id=\"chunk-dk6pj\">\n<div class=\"mc-column content-text active-extra-styles \" data-block-type=\"unstyled\" data-block-weight=\"57\" data-block-id=\"3\">\n<p class=\"content-text__container \" data-track-category=\"Link no Texto\" data-track-links=\"\">O Minist\u00e9rio P\u00fablico quer uma an\u00e1lise mais criteriosa entre o\u00a0acordo entre o governo do estado e a CCR Barcas.\u00a0O \u00f3rg\u00e3o pediu que o grupo de apoio t\u00e9cnico especializado do \u00f3rg\u00e3o analise os documentos enviados pela Agetransp &#8211; a ag\u00eancia que regula as concess\u00f5es de transporte no Estado do Rio de Janeiro &#8211; sobre o tema.<\/p>\n<\/div>\n<\/div>\n<div class=\"wall protected-content\">\n<div id=\"chunk-ckoc3\">\n<div class=\"mc-column content-text active-extra-styles \" data-block-type=\"unstyled\" data-block-weight=\"31\" data-block-id=\"4\">\n<p class=\"content-text__container \" data-track-category=\"Link no Texto\" data-track-links=\"\">A promotora Maria Cristina Faria Magalh\u00e3es afirma que \u00e9 preciso uma an\u00e1lise mais aprofundada. O contrato anterior do governo com a CCR Barcas\u00a0terminou no dia 11 de fevereiro.<\/p>\n<\/div>\n<\/div>\n<div id=\"chunk-8jdf6\">\n<div class=\"mc-column content-text active-extra-styles \" data-block-type=\"unstyled\" data-block-weight=\"50\" data-block-id=\"5\">\n<p class=\"content-text__container \" data-track-category=\"Link no Texto\" data-track-links=\"\">O estado e a concession\u00e1ria fecharam um acordo, onde a CCR teria direito a receber uma indeniza\u00e7\u00e3o calculada em R$ 750 milh\u00f5es por servi\u00e7os prestados que n\u00e3o foram remunerados e continuaria operando o sistema de barcas por mais um ano, com prorroga\u00e7\u00e3o de at\u00e9 mais dois anos.<\/p>\n<div id=\"chunk-dgnfh\">\n<div class=\"mc-column content-text active-extra-styles \" data-block-type=\"unstyled\" data-block-weight=\"15\" data-block-id=\"7\">\n<p class=\"content-text__container \" data-track-category=\"Link no Texto\" data-track-links=\"\">O acordo precisa ser homologado pela Justi\u00e7a, que pediu a manifesta\u00e7\u00e3o do Minist\u00e9rio P\u00fablico.<\/p>\n<\/div>\n<\/div>\n<div id=\"chunk-e0hfp\">\n<div class=\"mc-column content-text active-extra-styles \" data-block-type=\"unstyled\" data-block-weight=\"71\" data-block-id=\"8\">\n<p class=\"content-text__container \" data-track-category=\"Link no Texto\" data-track-links=\"\">A dire\u00e7\u00e3o da CCR Barcas diz que se o acordo n\u00e3o for homologado e a indeniza\u00e7\u00e3o n\u00e3o for paga, a concession\u00e1ria s\u00f3 ter\u00e1 dinheiro pra continuar a opera\u00e7\u00e3o por mais alguns dias. &#8220;N\u00f3s temops caixa para operar por mais alguns dias, de forma que a justi\u00e7a tenha o tempo suficiente pra se manifestar sobre o acordo que n\u00f3s fechamos com o governo do estado&#8221;, diz M\u00e1rcio Hannas, presidente da empresa.<\/p>\n<\/div>\n<\/div>\n<div id=\"chunk-9h4bu\">\n<div class=\"mc-column content-text active-extra-styles \" data-block-type=\"unstyled\" data-block-weight=\"53\" data-block-id=\"9\">\n<p class=\"content-text__container \" data-track-category=\"Link no Texto\" data-track-links=\"\">No despacho, a promotora reconhece a urg\u00eancia do caso,mas afirma : &#8220;Os fatos refor\u00e7am a necessidade de apura\u00e7\u00e3o mais detida dos elevados valores. (&#8230;.) O mais inusitado \u00e9 que estes valores sequer foram apurados, situa\u00e7\u00e3o temer\u00e1ria, para se dizer o m\u00ednimo, posto que em jogo est\u00e1 o elevado montante de dinheiro do contribuinte&#8221;.<\/p>\n<p data-track-category=\"Link no Texto\" data-track-links=\"\">Fonte: G1<\/p>\n<\/div>\n<\/div>\n<\/div>\n<\/div>\n<\/div>\n","protected":false},"excerpt":{"rendered":"<p>O Minist\u00e9rio P\u00fablico quer uma an\u00e1lise mais criteriosa entre o\u00a0acordo entre o governo do estado e a CCR Barcas.\u00a0O \u00f3rg\u00e3o pediu que o grupo de&#8230;<\/p>\n","protected":false},"author":1527,"featured_media":41427,"comment_status":"closed","ping_status":"closed","sticky":false,"template":"","format":"standard","meta":{"footnotes":""},"categories":[6],"tags":[],"class_list":["post-44119","post","type-post","status-publish","format-standard","has-post-thumbnail","hentry","category-noticias"],"_links":{"self":[{"href":"https:\/\/www.sincomam.org.br\/index.php\/wp-json\/wp\/v2\/posts\/44119","targetHints":{"allow":["GET"]}}],"collection":[{"href":"https:\/\/www.sincomam.org.br\/index.php\/wp-json\/wp\/v2\/posts"}],"about":[{"href":"https:\/\/www.sincomam.org.br\/index.php\/wp-json\/wp\/v2\/types\/post"}],"author":[{"embeddable":true,"href":"https:\/\/www.sincomam.org.br\/index.php\/wp-json\/wp\/v2\/users\/1527"}],"replies":[{"embeddable":true,"href":"https:\/\/www.sincomam.org.br\/index.php\/wp-json\/wp\/v2\/comments?post=44119"}],"version-history":[{"count":1,"href":"https:\/\/www.sincomam.org.br\/index.php\/wp-json\/wp\/v2\/posts\/44119\/revisions"}],"predecessor-version":[{"id":44120,"href":"https:\/\/www.sincomam.org.br\/index.php\/wp-json\/wp\/v2\/posts\/44119\/revisions\/44120"}],"wp:featuredmedia":[{"embeddable":true,"href":"https:\/\/www.sincomam.org.br\/index.php\/wp-json\/wp\/v2\/media\/41427"}],"wp:attachment":[{"href":"https:\/\/www.sincomam.org.br\/index.php\/wp-json\/wp\/v2\/media?parent=44119"}],"wp:term":[{"taxonomy":"category","embeddable":true,"href":"https:\/\/www.sincomam.org.br\/index.php\/wp-json\/wp\/v2\/categories?post=44119"},{"taxonomy":"post_tag","embeddable":true,"href":"https:\/\/www.sincomam.org.br\/index.php\/wp-json\/wp\/v2\/tags?post=44119"}],"curies":[{"name":"wp","href":"https:\/\/api.w.org\/{rel}","templated":true}]}}