{"id":44108,"date":"2023-02-17T10:09:45","date_gmt":"2023-02-17T13:09:45","guid":{"rendered":"http:\/\/www.sincomam.org.br\/?p=44108"},"modified":"2023-02-17T10:09:45","modified_gmt":"2023-02-17T13:09:45","slug":"marinha-reforca-acoes-de-fiscalizacao-durante-o-carnaval","status":"publish","type":"post","link":"https:\/\/www.sincomam.org.br\/index.php\/marinha-reforca-acoes-de-fiscalizacao-durante-o-carnaval\/","title":{"rendered":"Marinha refor\u00e7a a\u00e7\u00f5es de fiscaliza\u00e7\u00e3o durante o carnaval"},"content":{"rendered":"<p class=\"rtejustify\">Muito mais do que acaraj\u00e9, Pelourinho e praias, Salvador \u00e9 sin\u00f4nimo de carnaval. Ap\u00f3s dois anos sem a festa, por conta da pandemia da covid-19, o evento este ano come\u00e7ou nesta quinta (16) e vai at\u00e9 o dia 21 de fevereiro.<\/p>\n<p class=\"rtejustify\">De acordo com o Governo da Bahia, a festa vai contar com mais de 160 atra\u00e7\u00f5es e grandes nomes da m\u00fasica nacional. A proje\u00e7\u00e3o, feita pela prefeitura de Salvador, \u00e9 de que a cidade receba quase 1 milh\u00e3o de turistas durante os seis dias de festa. Na \u00faltima edi\u00e7\u00e3o realizada em 2020, a festa teve p\u00fablico recorde com 16,5 milh\u00f5es de pessoas desde o pr\u00e9-Carnaval, incluindo palcos tem\u00e1ticos e bairros, de acordo com dados da Secretaria de Turismo da prefeitura.<\/p>\n<p class=\"rtejustify\">Em paralelo \u00e0s comemora\u00e7\u00f5es em terra, os foli\u00f5es tamb\u00e9m participam da festa a bordo de lanchas e embarca\u00e7\u00f5es. A demanda de navega\u00e7\u00e3o na Ba\u00eda de Todos-os-Santos (BTS), por exemplo, aumenta expressivamente durante esse per\u00edodo. Assim, a fim de garantir a seguran\u00e7a do tr\u00e1fego aquavi\u00e1rio, a salvaguarda da vida humana no mar e a preven\u00e7\u00e3o da polui\u00e7\u00e3o h\u00eddrica, as organiza\u00e7\u00f5es militares respons\u00e1veis pelo servi\u00e7o de seguran\u00e7a de tr\u00e1fego aquavi\u00e1rio (SSTA) intensificar\u00e3o a fiscaliza\u00e7\u00e3o no mar e \u00e1guas interiores.<\/p>\n<p class=\"rtejustify\"><strong>Para al\u00e9m das atra\u00e7\u00f5es musicais<\/strong><br \/>\nEm continuidade \u00e0s atividades previstas na\u00a0Opera\u00e7\u00e3o Ver\u00e3o\u00a02022\/2023, que se encerram no dia 28 de fevereiro, a Marinha do Brasil mobilizar\u00e1 equipes de inspe\u00e7\u00e3o naval da Capitania dos Portos da Bahia (CPBA), da Capitania dos Portos de Sergipe (CPSE), e das delegacias e ag\u00eancias da \u00e1rea de jurisdi\u00e7\u00e3o do Comando do 2\u00b0 Distrito Naval, que abrange os estados da Bahia e Sergipe.<\/p>\n<p class=\"rtejustify\">Durante o per\u00edodo, os militares realizar\u00e3o a\u00e7\u00f5es de presen\u00e7a e intensificar\u00e3o a fiscaliza\u00e7\u00e3o em \u00e1reas de grande fluxo de embarca\u00e7\u00f5es, de transporte de passageiros e de pr\u00e1tica de atividades n\u00e1uticas. Al\u00e9m disso, ser\u00e3o verificados itens de salvatagem e comunica\u00e7\u00e3o, a documenta\u00e7\u00e3o de tripulantes e embarca\u00e7\u00f5es, al\u00e9m de conscientiz\u00e1-los quanto a import\u00e2ncia do cumprimento das regras de seguran\u00e7a da navega\u00e7\u00e3o para a redu\u00e7\u00e3o dos acidentes.<\/p>\n<p class=\"rtejustify\">Em Salvador, ser\u00e3o empregados 300 militares da Marinha, 36 embarca\u00e7\u00f5es \u2013 dentre elas lanchas e motos aqu\u00e1ticas e 25 viaturas utilizadas na fiscaliza\u00e7\u00e3o de aproximadamente 1.100km de extens\u00e3o da costa litor\u00e2nea do estado. Nos terminais de transporte de passageiros da BTS, equipes far\u00e3o a fiscaliza\u00e7\u00e3o das embarca\u00e7\u00f5es. No estado de Sergipe, ser\u00e3o empregados 70 militares, nove embarca\u00e7\u00f5es e quatro viaturas, a fim de fiscalizarem as vias naveg\u00e1veis da costa litor\u00e2nea.<\/p>\n<p class=\"rtejustify\">De acordo com o Capit\u00e3o dos Portos da Bahia, Capit\u00e3o de Mar e Guerra Wellington Lemos Gagno, \u201ca colabora\u00e7\u00e3o dos passageiros \u00e9 fundamental para a seguran\u00e7a da navega\u00e7\u00e3o. \u00c9 necess\u00e1rio que eles estejam atentos ao material de salvatagem existentes nas embarca\u00e7\u00f5es e \u00e0 lota\u00e7\u00e3o da mesma, ou seja, a capacidade de tripulantes. Assim, todos participam desse processo: a Marinha, a comunidade n\u00e1utica e os passageiros\u201d.<\/p>\n<p class=\"rtejustify\">A fim de coibir o uso de bebida alco\u00f3lica a bordo, outro problema comum nesta \u00e9poca de festas e de f\u00e9rias, os militares utilizar\u00e3o etil\u00f4metros, tendo em vista que \u00e9 proibido o consumo de bebidas alco\u00f3licas pelos condutores. \u201cQuem observar irregularidades pode denunciar \u00e0 Capitania dos Portos. Emerg\u00eancias mar\u00edtimas s\u00e3o atendidas pelo telefone 185 e pelo pr\u00f3prio n\u00famero fixo da Capitania\u201d, ressaltou o Capit\u00e3o dos Portos de Sergipe, Capit\u00e3o de Fragata Luciano Maciel Rodrigues.<\/p>\n<p class=\"rtejustify\"><strong>Centro Integrado de Comando e Controle\u00a0<\/strong><br \/>\nO Governo estadual informou que garantir\u00e1 uma s\u00e9rie de servi\u00e7os, principalmente na \u00e1rea de seguran\u00e7a p\u00fablica. A festa vai contar com um efetivo total de cerca de 30 mil profissionais da Pol\u00edcia Militar; Pol\u00edcia Civil; Departamento de Pol\u00edcia T\u00e9cnica; do Corpo de Bombeiros, al\u00e9m de outros servidores do quadro direto da secretaria.<\/p>\n<p class=\"rtejustify aBigClassNameToAvoidCollisionInText aBigClassNameToAvoidCollisionInText\">Durante os dias de folia, tamb\u00e9m ser\u00e1 ativado o Centro Integrado de Comando e Controle (CICC), da Secretaria de Seguran\u00e7a P\u00fablica, para monitoramento das atividades dos \u00f3rg\u00e3os envolvidos no carnaval e contar\u00e1 com representantes da Marinha, Corpo de Bombeiros, Pol\u00edcia Civil, Guarda Municipal, Defesa Civil, entre outras institui\u00e7\u00f5es. \u201cN\u00f3s vamos disponibilizar militares da \u00e1rea de jurisdi\u00e7\u00e3o do Comando do 2\u00ba Distrito Naval, que atuar\u00e3o de forma integrada, em situa\u00e7\u00f5es de emerg\u00eancia, otimizando recursos e a\u00e7\u00f5es, para colaborar com esse esfor\u00e7o conjunto\u201d, afirma o Chefe de Opera\u00e7\u00f5es, Capit\u00e3o de Fragata Dhartha Dantas.<\/p>\n<p class=\"rtejustify\"><strong>Veja os contatos para o caso de qualquer irregularidade no mar\u00a0<\/strong><\/p>\n<p class=\"rtejustify\"><strong>Capitania dos Portos da Bahia:\u00a0<\/strong><br \/>\nTelefone fixo: (71) 3507-3777 Celular: (71) 99968-7934<\/p>\n<p class=\"rtejustify\"><strong>Capitania dos Portos de Sergipe:\u00a0<\/strong><br \/>\nTelefone fixo: (79) 3711-1646 Celular: (79) 99927-4930<\/p>\n<p class=\"rtejustify\"><strong>Delegacia de Ilheus:\u00a0<\/strong><br \/>\nTelefone fixo: (73) 3222-5100 Celular: (73) 98819-2568<\/p>\n<p class=\"rtejustify\"><strong>Delegacia de Porto Seguro:\u00a0<\/strong><br \/>\nTelefone fixo: (73) 3288-3923 Celular: (73) 98892-6045<\/p>\n<p class=\"rtejustify\"><strong>Capitania Fluvial de Juazeiro:\u00a0<\/strong><br \/>\nTelefone fixo: (74) 3211-8800 Celular: (74)\u00a0 9976-5063<\/p>\n<p class=\"rtejustify\"><strong>Salvamar Leste: 185<\/strong><\/p>\n","protected":false},"excerpt":{"rendered":"<p>Muito mais do que acaraj\u00e9, Pelourinho e praias, Salvador \u00e9 sin\u00f4nimo de carnaval. Ap\u00f3s dois anos sem a festa, por conta da pandemia da covid-19,&#8230;<\/p>\n","protected":false},"author":1527,"featured_media":44109,"comment_status":"closed","ping_status":"closed","sticky":false,"template":"","format":"standard","meta":{"footnotes":""},"categories":[6],"tags":[],"class_list":["post-44108","post","type-post","status-publish","format-standard","has-post-thumbnail","hentry","category-noticias"],"_links":{"self":[{"href":"https:\/\/www.sincomam.org.br\/index.php\/wp-json\/wp\/v2\/posts\/44108","targetHints":{"allow":["GET"]}}],"collection":[{"href":"https:\/\/www.sincomam.org.br\/index.php\/wp-json\/wp\/v2\/posts"}],"about":[{"href":"https:\/\/www.sincomam.org.br\/index.php\/wp-json\/wp\/v2\/types\/post"}],"author":[{"embeddable":true,"href":"https:\/\/www.sincomam.org.br\/index.php\/wp-json\/wp\/v2\/users\/1527"}],"replies":[{"embeddable":true,"href":"https:\/\/www.sincomam.org.br\/index.php\/wp-json\/wp\/v2\/comments?post=44108"}],"version-history":[{"count":1,"href":"https:\/\/www.sincomam.org.br\/index.php\/wp-json\/wp\/v2\/posts\/44108\/revisions"}],"predecessor-version":[{"id":44110,"href":"https:\/\/www.sincomam.org.br\/index.php\/wp-json\/wp\/v2\/posts\/44108\/revisions\/44110"}],"wp:featuredmedia":[{"embeddable":true,"href":"https:\/\/www.sincomam.org.br\/index.php\/wp-json\/wp\/v2\/media\/44109"}],"wp:attachment":[{"href":"https:\/\/www.sincomam.org.br\/index.php\/wp-json\/wp\/v2\/media?parent=44108"}],"wp:term":[{"taxonomy":"category","embeddable":true,"href":"https:\/\/www.sincomam.org.br\/index.php\/wp-json\/wp\/v2\/categories?post=44108"},{"taxonomy":"post_tag","embeddable":true,"href":"https:\/\/www.sincomam.org.br\/index.php\/wp-json\/wp\/v2\/tags?post=44108"}],"curies":[{"name":"wp","href":"https:\/\/api.w.org\/{rel}","templated":true}]}}