{"id":44075,"date":"2023-02-15T09:45:53","date_gmt":"2023-02-15T12:45:53","guid":{"rendered":"http:\/\/www.sincomam.org.br\/?p=44075"},"modified":"2023-02-15T09:45:53","modified_gmt":"2023-02-15T12:45:53","slug":"imposto-de-renda-2023-prazo-de-entrega-vai-de-15-de-marco-a-31-de-maio-informa-receita","status":"publish","type":"post","link":"https:\/\/www.sincomam.org.br\/index.php\/imposto-de-renda-2023-prazo-de-entrega-vai-de-15-de-marco-a-31-de-maio-informa-receita\/","title":{"rendered":"Imposto de Renda 2023: prazo de entrega vai de 15 de mar\u00e7o a 31 de maio, informa Receita"},"content":{"rendered":"<p>O prazo para entrega da Declara\u00e7\u00e3o de Imposto de Renda de Pessoa F\u00edsica 2023 (referente ao ano-base 2022) foi ampliado neste ano e vai at\u00e9 31 de maio. O tempo para este procedimento costumava, at\u00e9 o ano passado, a terminar em abril. Com a extens\u00e3o, contribuintes ter\u00e3o de 15 de mar\u00e7o at\u00e9 o final de maio para apresentar sua documenta\u00e7\u00e3o.<\/p>\n<p>A declara\u00e7\u00e3o pr\u00e9-preenchida \u00e9 oferecida ao contribuinte a partir do que \u00e9 informado em outro tipo de documento: a Declara\u00e7\u00e3o de Imposto de Renda Retido na Fonte (Dirf), entregue ao \u00f3rg\u00e3o at\u00e9 o final de fevereiro.<\/p>\n<p>Os dados da Dirf, fornecidos por pessoas jur\u00eddicas pagadoras, empresas do ramo de im\u00f3veis e prestadores de servi\u00e7os de sa\u00fade, s\u00e3o processados e, em seguida, utilizados para o preenchimento pr\u00e9vio das declara\u00e7\u00f5es de pessoas f\u00edsicas.<\/p>\n<p>De acordo com o supervisor nacional do Programa do Imposto de Renda, auditor fiscal Jos\u00e9 Carlos Fernandes da Fonseca, a declara\u00e7\u00e3o pr\u00e9-preenchida proporciona menos erros e maior comodidade ao contribuinte.<\/p>\n<p>&#8220;Como a maioria das informa\u00e7\u00f5es que ser\u00e3o disponibilizadas aos contribuintes na declara\u00e7\u00e3o pr\u00e9-preenchida chegar\u00e1 \u00e0 Receita Federal no final de fevereiro, h\u00e1 a necessidade de um prazo para a consolida\u00e7\u00e3o dos dados&#8221;, acrescentou o supervisor do IR.<\/p>\n<p><strong>Declara\u00e7\u00e3o pr\u00e9-preenchida<\/strong><br \/>\nA op\u00e7\u00e3o de declara\u00e7\u00e3o pr\u00e9-preenchida existe desde 2014, mas era necess\u00e1rio ter certificado digital para utiliz\u00e1-la, o que restringia o n\u00famero de usu\u00e1rios. No ano passado, a declara\u00e7\u00e3o pr\u00e9-preenchida p\u00f4de ser utilizada por todos os contribuintes com conta gov.br nos n\u00edveis ouro ou prata.<\/p>\n<p>Esse tipo de declara\u00e7\u00e3o possui informa\u00e7\u00f5es relativas a rendimentos, dedu\u00e7\u00f5es, bens e direitos e d\u00edvidas e \u00f4nus reais e que s\u00e3o carregadas automaticamente, sem a necessidade de digita\u00e7\u00e3o.<\/p>\n<p>Para oferecer a declara\u00e7\u00e3o pr\u00e9-preenchida ao contribuinte, s\u00e3o utilizados:<br \/>\n&#x1f3e2; Declara\u00e7\u00e3o de Imposto de Renda Retido na Fonte (Dirf) de pessoas jur\u00eddicas pagadoras;<br \/>\n&#x1f3e0; Declara\u00e7\u00e3o de Imposto de Renda Retido na Fonte (Dirf) de empresas do ramo de im\u00f3veis;<br \/>\n&#x1f3e5; Declara\u00e7\u00e3o de Imposto de Renda Retido na Fonte (Dirf) de prestadoras de servi\u00e7os de sa\u00fade;<br \/>\n&#x1f9fe; Informa\u00e7\u00f5es do contribuinte fornecidas no ano anterior.<\/p>\n<p>Em 2022, a Receita Federal lembrou ao contribuinte que era de sua responsabilidade a verifica\u00e7\u00e3o da corre\u00e7\u00e3o de todos os dados pr\u00e9-preenchidos na declara\u00e7\u00e3o, &#8220;devendo realizar as altera\u00e7\u00f5es, inclus\u00f5es e exclus\u00f5es das informa\u00e7\u00f5es necess\u00e1rias, se for o caso&#8221;.<\/p>\n<p>Fonte: G1<\/p>\n","protected":false},"excerpt":{"rendered":"<p>O prazo para entrega da Declara\u00e7\u00e3o de Imposto de Renda de Pessoa F\u00edsica 2023 (referente ao ano-base 2022) foi ampliado neste ano e vai at\u00e9&#8230;<\/p>\n","protected":false},"author":1527,"featured_media":44076,"comment_status":"closed","ping_status":"closed","sticky":false,"template":"","format":"standard","meta":{"footnotes":""},"categories":[6],"tags":[],"class_list":["post-44075","post","type-post","status-publish","format-standard","has-post-thumbnail","hentry","category-noticias"],"_links":{"self":[{"href":"https:\/\/www.sincomam.org.br\/index.php\/wp-json\/wp\/v2\/posts\/44075","targetHints":{"allow":["GET"]}}],"collection":[{"href":"https:\/\/www.sincomam.org.br\/index.php\/wp-json\/wp\/v2\/posts"}],"about":[{"href":"https:\/\/www.sincomam.org.br\/index.php\/wp-json\/wp\/v2\/types\/post"}],"author":[{"embeddable":true,"href":"https:\/\/www.sincomam.org.br\/index.php\/wp-json\/wp\/v2\/users\/1527"}],"replies":[{"embeddable":true,"href":"https:\/\/www.sincomam.org.br\/index.php\/wp-json\/wp\/v2\/comments?post=44075"}],"version-history":[{"count":1,"href":"https:\/\/www.sincomam.org.br\/index.php\/wp-json\/wp\/v2\/posts\/44075\/revisions"}],"predecessor-version":[{"id":44077,"href":"https:\/\/www.sincomam.org.br\/index.php\/wp-json\/wp\/v2\/posts\/44075\/revisions\/44077"}],"wp:featuredmedia":[{"embeddable":true,"href":"https:\/\/www.sincomam.org.br\/index.php\/wp-json\/wp\/v2\/media\/44076"}],"wp:attachment":[{"href":"https:\/\/www.sincomam.org.br\/index.php\/wp-json\/wp\/v2\/media?parent=44075"}],"wp:term":[{"taxonomy":"category","embeddable":true,"href":"https:\/\/www.sincomam.org.br\/index.php\/wp-json\/wp\/v2\/categories?post=44075"},{"taxonomy":"post_tag","embeddable":true,"href":"https:\/\/www.sincomam.org.br\/index.php\/wp-json\/wp\/v2\/tags?post=44075"}],"curies":[{"name":"wp","href":"https:\/\/api.w.org\/{rel}","templated":true}]}}