{"id":44069,"date":"2023-02-15T09:38:44","date_gmt":"2023-02-15T12:38:44","guid":{"rendered":"http:\/\/www.sincomam.org.br\/?p=44069"},"modified":"2023-02-15T09:38:44","modified_gmt":"2023-02-15T12:38:44","slug":"divulgados-o-conteudo-e-as-atracoes-da-intermodal-south-america-2023","status":"publish","type":"post","link":"https:\/\/www.sincomam.org.br\/index.php\/divulgados-o-conteudo-e-as-atracoes-da-intermodal-south-america-2023\/","title":{"rendered":"DIVULGADOS O CONTE\u00daDO E AS ATRA\u00c7\u00d5ES DA INTERMODAL SOUTH AMERICA 2023"},"content":{"rendered":"<p>De 28 de fevereiro a 2 de mar\u00e7o, S\u00e3o Paulo sedia o maior encontro internacional do setor de log\u00edstica, intralog\u00edstica, transporte de carga, tecnologia e com\u00e9rcio exterior da Am\u00e9rica Latina. A 27a edi\u00e7\u00e3o da Intermodal South America, que ser\u00e1 realizada no S\u00e3o Paulo Expo, recebe 500 marcas de empresas, com mais de 200 expositores.<\/p>\n<p>Para a Informa Markets, organizadora do evento, a Intermodal 2023 promete ficar na hist\u00f3ria como a maior edi\u00e7\u00e3o dos \u00faltimos 26 anos. \u201cEsta edi\u00e7\u00e3o de 2023 da Intermodal \u00e9 a maior que j\u00e1 realizamos. Teremos participa\u00e7\u00e3o de empresas que representam todos os elos da cadeia log\u00edstica e de transporte, al\u00e9m de portos e aeroportos nacionais e internacionais, aeroportos que v\u00e3o compartilhar cases e oferecer o \u2018estado da arte\u2019 em solu\u00e7\u00f5es em tecnologia, equipamentos e servi\u00e7os para o trade log\u00edstico. As atra\u00e7\u00f5es s\u00e3o um cap\u00edtulo \u00e0 parte que v\u00e3o proporcionar, al\u00e9m de muito networking, divers\u00e3o e conhecimento com entrega gratuita aos players deste ecossistema. A experi\u00eancia que a Intermodal proporciona ao mercado \u00e9 imprescind\u00edvel na constru\u00e7\u00e3o de parcerias mais consistentes entre embarcadores, parceiros, apoiadores e fornecedores\u201d, avalia o diretor do portf\u00f3lio de Infraestrutura da Informa Markets Brasil, promotora e organizadora da Intermodal South America, Hermano Pinto Jr.<\/p>\n<p>Diversas novidades entre eventos simult\u00e2neos de conte\u00fado exclusivo, networking e lan\u00e7amentos em produtos, equipamentos, tecnologia e servi\u00e7os para toda a cadeia de suprimento, produ\u00e7\u00e3o e distribui\u00e7\u00e3o prometem agitar os mais de 40 mil profissionais esperados. Confira a seguir um resumo do que vai acontecer na Intermodal South America 2023.<\/p>\n<p><strong>Interlog Summit \u2013 Congresso Intermodal<\/strong><\/p>\n<p>No Congresso Intermodal, realizado no mezanino do S\u00e3o Paulo Expo, o primeiro dia, 28\/02, reserva a discuss\u00e3o acerca da infraestrutura, come\u00e7ando com as perspectivas e tend\u00eancias na infraestrutura e na log\u00edstica do transporte nacional. Em seguida, entra em cena o agroneg\u00f3cio, com as novas fronteiras para o escoamento dos gran\u00e9is agr\u00edcolas. E o fim da tarde est\u00e1 reservado para a discuss\u00e3o da infraestrutura portu\u00e1ria e o cen\u00e1rio atual.<\/p>\n<p>No dia seguinte, 1\/03, dedicado ao cen\u00e1rio mar\u00edtimo\/portu\u00e1rio, a tarde come\u00e7a trazendo \u00e0 discuss\u00e3o o papel da tecnologia no desenvolvimento da ind\u00fastria mar\u00edtima e portu\u00e1ria nacional. Logo ap\u00f3s, tem in\u00edcio o painel que vai discutir os desafios da integra\u00e7\u00e3o porto\/ferrovia. E o dia termina com o papel dos portos na transi\u00e7\u00e3o energ\u00e9tica e as oportunidades de neg\u00f3cios.<\/p>\n<p>Para fechar o congresso, no \u00faltimo dia de conte\u00fado, 2\/03, o destaque ser\u00e1 para as opera\u00e7\u00f5es log\u00edsticas em como melhorar a visibilidade de ponta a ponta da cadeia de suprimentos para a tomada de decis\u00f5es. O com\u00e9rcio internacional na p\u00f3s pandemia tamb\u00e9m ganha relev\u00e2ncia com a percep\u00e7\u00e3o dos operadores log\u00edsticos em rela\u00e7\u00e3o \u00e0s mudan\u00e7as nas cadeias de produ\u00e7\u00e3o. No \u00faltimo painel, a abordagem ser\u00e1 os avan\u00e7os e desafios de portos e aeroportos pela busca de maior efici\u00eancia, seguran\u00e7a e redu\u00e7\u00e3o do impacto ambiental.<\/p>\n<p><strong>Interlog Summit \u2013 CNL -Confer\u00eancia Nacional de Log\u00edstica<\/strong><\/p>\n<p>Em paralelo \u00e0 programa\u00e7\u00e3o do Congresso Intermodal, acontece a tradicional Confer\u00eancia Nacional de Log\u00edstica (CNL), uma realiza\u00e7\u00e3o da Abralog (Associa\u00e7\u00e3o Brasileira de Log\u00edstica), que come\u00e7a o primeiro dia, 28\/02, com as perspectivas e tend\u00eancias na infraestrutura e na log\u00edstica do transporte nacional. Na sequ\u00eancia, ser\u00e1 abordada a multimodalidade Maersk com o 1\u00ba terminal de cont\u00eaineres dentro da cidade de S\u00e3o Paulo.<\/p>\n<p>Apresenta\u00e7\u00e3o de cases in\u00e9ditos do setor tamb\u00e9m faz parte da CNL neste ano. Entre os temas selecionados est\u00e3o a eletrifica\u00e7\u00e3o da log\u00edstica da AMBEV; a acelera\u00e7\u00e3o da moderniza\u00e7\u00e3o do com\u00e9rcio exterior brasileiro, tecnologias e fontes alternativas de energia para o transporte. No dia 1\/03, a CNL continua apresentando o case Carrefour, que abra\u00e7ou o desafio de reduzir emiss\u00f5es de gases estufas; e, em seguida, o painel vem falar de intelig\u00eancia artificial para os projetos log\u00edsticos.<\/p>\n<p>O \u00faltimo dia termina com a visibilidade de ponta a ponta da cadeia de suprimentos; a discuss\u00e3o acerca da reestrutura\u00e7\u00e3o da malha log\u00edstica com o abastecimento de lojas; a produtividade e a gest\u00e3o em centros de distribui\u00e7\u00e3o com o uso da tecnologia e a apresenta\u00e7\u00e3o do case Leroy Merlin, com a jornada omnical no segmento de materiais de constru\u00e7\u00e3o.<\/p>\n<p><strong>Arena Intermodal<\/strong><\/p>\n<p>A Arena Intermodal ser\u00e1 reservada para importantes discuss\u00f5es do setor. Uma novidade da Intermodal 2023 reservada, exclusivamente, para conte\u00fado dentro da feira. De forma gratuita, os visitantes poder\u00e3o acompanhar palestras e pain\u00e9is relevantes para o setor abordando tem\u00e1ticas que envolvem tecnologia, os diferentes modais, Cold Chain, Breakbulk, PL\/4PL, WMS, TMS, Warehouse 4.0, Portos, log\u00edstica para os setores agr\u00edcola, farmac\u00eautico, automobil\u00edstico, entre outros.<\/p>\n<p><strong>T.I. Innovations<\/strong><\/p>\n<p>Com patroc\u00ednio da Logcomex, a T.I Innovations \u00e9 um projeto de grande sucesso na Intermodal. Esse ano o espa\u00e7o contar\u00e1 com 16 empresas apresentando solu\u00e7\u00f5es inovadoras, al\u00e9m de conte\u00fado gratuito e exclusivo de novas tecnologias para toda a cadeia log\u00edstica.<\/p>\n<p><strong>Escola M\u00f3vel de Conectividade 5G<\/strong><\/p>\n<p>Nas instala\u00e7\u00f5es da Escola M\u00f3vel do SENAI-SP, as pessoas poder\u00e3o experimentar, na pr\u00e1tica, as aplica\u00e7\u00f5es da tecnologia viabilizadas pela conectividade, principalmente o 5G. Al\u00e9m do 5G, a nova escola apresentar\u00e1 tecnologias relacionadas com a comunica\u00e7\u00e3o digital no ambiente industrial, como Wi-Fi 6, teste de lat\u00eancia, capacidade de transmiss\u00e3o e aplica\u00e7\u00f5es em educa\u00e7\u00e3o imersiva, incluindo o Metaverso.<\/p>\n<p><strong>Simulador de \u00f4nibus CNT <\/strong><\/p>\n<p>O Sistema CNT (Confedera\u00e7\u00e3o Nacional do Transporte) marca presen\u00e7a na Intermodal com a Unidade M\u00f3vel de Treinamento. O M\u00f3dulo Simulador usa tecnologia de \u00faltima gera\u00e7\u00e3o para qualificar profissionais de transporte, no que se refere \u00e0 seguran\u00e7a vi\u00e1ria, \u00e0 dire\u00e7\u00e3o segura e \u00e0 dire\u00e7\u00e3o defensiva. Os participantes do evento poder\u00e3o vivenciar os desafios reais enfrentados pelos motoristas profissionais nas rodovias brasileiras. O simulador reproduz a experi\u00eancia da condu\u00e7\u00e3o de v\u00e1rios tipos de caminh\u00f5es e de \u00f4nibus, de modo a permitir que o aluno vivencie situa\u00e7\u00f5es t\u00edpicas do tr\u00e2nsito, como condi\u00e7\u00f5es meteorol\u00f3gicas adversas, tr\u00e1fego intenso e perigos nas vias.<\/p>\n<p><strong>Lan\u00e7amento do Selo Mobilidade Segura<\/strong><\/p>\n<p>Idealizado pelo Observat\u00f3rio Nacional de Seguran\u00e7a Vi\u00e1ria, o Selo Mobilidade Segura ser\u00e1 lan\u00e7ado na Intermodal 2023 durante a Confer\u00eancia Nacional de Log\u00edstica. Trata-se de um processo de an\u00e1lise sobre a integridade das opera\u00e7\u00f5es, que incentiva a ado\u00e7\u00e3o de uma gest\u00e3o respons\u00e1vel com foco na seguran\u00e7a, efici\u00eancia e atendimento \u00e0 legisla\u00e7\u00e3o nas opera\u00e7\u00f5es de transporte rodovi\u00e1rio. O Selo tem como objetivo atender uma necessidade das empresas contratantes de \u201ccentralizar\u201d a documenta\u00e7\u00e3o de conformidade das contratadas. O piloto do projeto contou com a participa\u00e7\u00e3o de empresas como da Ra\u00edzen, Ipiranga e Transjordano.<\/p>\n<p><strong>Exposi\u00e7\u00e3o de ve\u00edculos e equipamentos <\/strong><\/p>\n<p>A demonstra\u00e7\u00e3o de equipamentos e ve\u00edculos tecnol\u00f3gicos de alta performance estar\u00e1 exposta do lado de fora do pavilh\u00e3o, permitindo a intera\u00e7\u00e3o do p\u00fablico com o que h\u00e1 de mais moderno no setor. Os ve\u00edculos fazem parte da frota dos grandes expositores do evento, como IBL Valores, BR Samor, Prosegur, Eale, Caru Conteiners, BTP, Heli Empilhadeiras Brasil, e GCH.<\/p>\n<p><strong>Camps<\/strong><\/p>\n<p>O Centro de Aprendizagem e Mobiliza\u00e7\u00e3o Profissional Social (CAMPS Santos) tamb\u00e9m estar\u00e1 presente na Intermodal, pela primeira vez neste ano. A institui\u00e7\u00e3o estar\u00e1 com um estande para apresentar o trabalho social para as empresas do setor e levar\u00e1 alguns jovens para que possam verificar o trabalho real do segmento. A institui\u00e7\u00e3o oferece aos jovens uniformes, alimenta\u00e7\u00e3o, apoio social, pedag\u00f3gico, psicol\u00f3gico, odontol\u00f3gico e m\u00e9dico, de forma gratuita. O objetivo \u00e9 oferecer aos adolescentes o preparo e condi\u00e7\u00f5es necess\u00e1rias para a busca do primeiro emprego.<\/p>\n<p><strong>Cubo Ita\u00fa \u2013 Terminal Inova\u00e7\u00e3o<\/strong><\/p>\n<p>Esta \u00e9 uma das atra\u00e7\u00f5es esperadas na Intermodal 2023. O Terminal Inova\u00e7\u00e3o \u00e9 um grupo de logtechs (startups com foco em log\u00edstica) que se uniram para criar o primeiro estande focado em inova\u00e7\u00e3o do setor, na feira Intermodal. O Terminal Inova\u00e7\u00e3o ser\u00e1 composto por nove startups, formando o HUB Maritime &#038; Port, uma iniciativa do Cubo Ita\u00fa em parceria com os mantenedores Wilson Sons, Porto do A\u00e7u e Hidrovias do Brasil. Estar\u00e3o presentes compartilhando seus cases no Terminal Inova\u00e7\u00e3o, as startups Flowls, Cargo Snap, Hexagon, Loginfo, Logpyx, Fretador, Jetta Cargo, DockTech e Argonautica. O Cubo Ita\u00fa \u00e9 uma comunidade que, desde 2015, conecta as melhores solu\u00e7\u00f5es para construir grandes cases de inova\u00e7\u00e3o para o mercado.<\/p>\n<p><strong>Servi\u00e7o:<\/strong><\/p>\n<p>Intermodal South America 2023<\/p>\n<p>Quando: 28 de fevereiro a 2 de mar\u00e7o de 2023.<\/p>\n<p>Hor\u00e1rio: Das 13 \u00e0s 21 horas.<\/p>\n<p>Onde: S\u00e3o Paulo Expo \u2013 S\u00e3o Paulo (SP)<\/p>\n<p>Programa\u00e7\u00e3o Interlog Summit: <a href=\"https:\/\/click.cse360.com.br\/Click\/AddCampaignEmailClick\/827923f6-6bbc-4aee-83ca-08db03d658f6\/https%253a%252f%252fwww.intermodal.com.br%252fpt%252fcongresso-interlog-summit-intermodal.html\/ca629e95-5b37-4e96-0188-08d7c5ff26d2\/luzonta@gmail.com\/True\">clique aqui. <\/a><\/p>\n<p>Fonte: Informativo dos Portos<\/p>\n","protected":false},"excerpt":{"rendered":"<p>De 28 de fevereiro a 2 de mar\u00e7o, S\u00e3o Paulo sedia o maior encontro internacional do setor de log\u00edstica, intralog\u00edstica, transporte de carga, tecnologia e&#8230;<\/p>\n","protected":false},"author":1527,"featured_media":44070,"comment_status":"closed","ping_status":"closed","sticky":false,"template":"","format":"standard","meta":{"footnotes":""},"categories":[6],"tags":[],"class_list":["post-44069","post","type-post","status-publish","format-standard","has-post-thumbnail","hentry","category-noticias"],"_links":{"self":[{"href":"https:\/\/www.sincomam.org.br\/index.php\/wp-json\/wp\/v2\/posts\/44069","targetHints":{"allow":["GET"]}}],"collection":[{"href":"https:\/\/www.sincomam.org.br\/index.php\/wp-json\/wp\/v2\/posts"}],"about":[{"href":"https:\/\/www.sincomam.org.br\/index.php\/wp-json\/wp\/v2\/types\/post"}],"author":[{"embeddable":true,"href":"https:\/\/www.sincomam.org.br\/index.php\/wp-json\/wp\/v2\/users\/1527"}],"replies":[{"embeddable":true,"href":"https:\/\/www.sincomam.org.br\/index.php\/wp-json\/wp\/v2\/comments?post=44069"}],"version-history":[{"count":1,"href":"https:\/\/www.sincomam.org.br\/index.php\/wp-json\/wp\/v2\/posts\/44069\/revisions"}],"predecessor-version":[{"id":44071,"href":"https:\/\/www.sincomam.org.br\/index.php\/wp-json\/wp\/v2\/posts\/44069\/revisions\/44071"}],"wp:featuredmedia":[{"embeddable":true,"href":"https:\/\/www.sincomam.org.br\/index.php\/wp-json\/wp\/v2\/media\/44070"}],"wp:attachment":[{"href":"https:\/\/www.sincomam.org.br\/index.php\/wp-json\/wp\/v2\/media?parent=44069"}],"wp:term":[{"taxonomy":"category","embeddable":true,"href":"https:\/\/www.sincomam.org.br\/index.php\/wp-json\/wp\/v2\/categories?post=44069"},{"taxonomy":"post_tag","embeddable":true,"href":"https:\/\/www.sincomam.org.br\/index.php\/wp-json\/wp\/v2\/tags?post=44069"}],"curies":[{"name":"wp","href":"https:\/\/api.w.org\/{rel}","templated":true}]}}