{"id":44063,"date":"2023-02-15T08:45:57","date_gmt":"2023-02-15T11:45:57","guid":{"rendered":"http:\/\/www.sincomam.org.br\/?p=44063"},"modified":"2023-02-15T08:45:57","modified_gmt":"2023-02-15T11:45:57","slug":"marinha-participa-de-debate-de-educacao-ambiental-do-projeto-redes-da-baia-de-guanabara","status":"publish","type":"post","link":"https:\/\/www.sincomam.org.br\/index.php\/marinha-participa-de-debate-de-educacao-ambiental-do-projeto-redes-da-baia-de-guanabara\/","title":{"rendered":"Marinha participa de debate de Educa\u00e7\u00e3o Ambiental do projeto Redes da Ba\u00eda de Guanabara"},"content":{"rendered":"<p>O Capit\u00e3o dos Portos do Rio de Janeiro participou de uma mesa-redonda do Projeto de Educa\u00e7\u00e3o Ambiental Redes da Ba\u00eda de Guanabara, \u201cCaminhando pela Ba\u00eda\u201d, realizada no Audit\u00f3rio do Novotel RJ Porto Atl\u00e2ntico. O Projeto Redes da Ba\u00eda de Guanabara tem por objetivo suscitar o debate acerca da gest\u00e3o compartilhada das atividades desenvolvidas no interior da Ba\u00eda de Guanabara pelos seus m\u00faltiplos usu\u00e1rios.<\/p>\n<p>O evento apresentou o m\u00e9dia-metragem de 40 minutos \u201cEspelhos da Ba\u00eda\u201d, que apresenta as diversas \u00f3ticas sob as quais aqueles que atuam na Ba\u00eda de Guanabara enxergam tal espa\u00e7o compartilhado, dentre eles a Capitania dos Portos do Rio de Janeiro, a PortosRio, a Praticagem, o Instituto Estadual do Ambiente (INEA), os Pescadores Artesanais e os praticantes de atividades de esporte e recreio.<\/p>\n<p>A mesa de debate foi moderada pela antrop\u00f3loga e professora da Universidade Estadual do Norte Fluminense, Lilian Sagio Cezar, e contou com a participa\u00e7\u00e3o do Capit\u00e3o dos Portos do Rio de Janeiro, do analista ambiental do INEA, Ant\u00f4nio Carlos Freitas Gusm\u00e3o, do pescador e coordenador geral da Comiss\u00e3o Nacional para o Fortalecimento das Reservas Extrativistas e dos Povos Extrativistas Costeiros Marinhos (CONFREM), Fl\u00e1vio Diniz Gaspar Lontro, e do ocean\u00f3grafo, pesquisador, consultor ambiental e velejador, Francisco Eduardo Mendes. Ao final, o painel foi aberto para que o p\u00fablico presente, composto mormente por pescadores artesanais, catadores de caranguejo, pesquisadores e universit\u00e1rios, pudesse sanar d\u00favidas e expor impress\u00f5es sobre o m\u00e9dia-metragem exibido.<\/p>\n<p>O Projeto de Educa\u00e7\u00e3o Ambiental Redes da Ba\u00eda de Guanabara \u00e9 uma das medidas de mitiga\u00e7\u00e3o de impactos realizada no \u00e2mbito do licenciamento ambiental federal, conduzido pelo Instituto Brasileiro do Meio Ambiente e dos Recursos Naturais Renov\u00e1veis (Ibama). A iniciativa faz parte de uma sucess\u00e3o de esfor\u00e7os no intuito de ampliar o ambiente de di\u00e1logo entre \u00f3rg\u00e3os, institui\u00e7\u00f5es e associa\u00e7\u00f5es, em prol de um gerenciamento conjunto das atividades na zona mar\u00edtima da Ba\u00eda de Guanabara.<\/p>\n<p>Fonte: Defesa em Foco<\/p>\n","protected":false},"excerpt":{"rendered":"<p>O Capit\u00e3o dos Portos do Rio de Janeiro participou de uma mesa-redonda do Projeto de Educa\u00e7\u00e3o Ambiental Redes da Ba\u00eda de Guanabara, \u201cCaminhando pela Ba\u00eda\u201d,&#8230;<\/p>\n","protected":false},"author":1527,"featured_media":44064,"comment_status":"closed","ping_status":"closed","sticky":false,"template":"","format":"standard","meta":{"footnotes":""},"categories":[6],"tags":[],"class_list":["post-44063","post","type-post","status-publish","format-standard","has-post-thumbnail","hentry","category-noticias"],"_links":{"self":[{"href":"https:\/\/www.sincomam.org.br\/index.php\/wp-json\/wp\/v2\/posts\/44063","targetHints":{"allow":["GET"]}}],"collection":[{"href":"https:\/\/www.sincomam.org.br\/index.php\/wp-json\/wp\/v2\/posts"}],"about":[{"href":"https:\/\/www.sincomam.org.br\/index.php\/wp-json\/wp\/v2\/types\/post"}],"author":[{"embeddable":true,"href":"https:\/\/www.sincomam.org.br\/index.php\/wp-json\/wp\/v2\/users\/1527"}],"replies":[{"embeddable":true,"href":"https:\/\/www.sincomam.org.br\/index.php\/wp-json\/wp\/v2\/comments?post=44063"}],"version-history":[{"count":1,"href":"https:\/\/www.sincomam.org.br\/index.php\/wp-json\/wp\/v2\/posts\/44063\/revisions"}],"predecessor-version":[{"id":44065,"href":"https:\/\/www.sincomam.org.br\/index.php\/wp-json\/wp\/v2\/posts\/44063\/revisions\/44065"}],"wp:featuredmedia":[{"embeddable":true,"href":"https:\/\/www.sincomam.org.br\/index.php\/wp-json\/wp\/v2\/media\/44064"}],"wp:attachment":[{"href":"https:\/\/www.sincomam.org.br\/index.php\/wp-json\/wp\/v2\/media?parent=44063"}],"wp:term":[{"taxonomy":"category","embeddable":true,"href":"https:\/\/www.sincomam.org.br\/index.php\/wp-json\/wp\/v2\/categories?post=44063"},{"taxonomy":"post_tag","embeddable":true,"href":"https:\/\/www.sincomam.org.br\/index.php\/wp-json\/wp\/v2\/tags?post=44063"}],"curies":[{"name":"wp","href":"https:\/\/api.w.org\/{rel}","templated":true}]}}