{"id":4406,"date":"2014-03-24T09:22:54","date_gmt":"2014-03-24T12:22:54","guid":{"rendered":"http:\/\/www.sincomam.org.br\/?p=4406"},"modified":"2014-03-24T09:22:54","modified_gmt":"2014-03-24T12:22:54","slug":"suape-amplia-95-area-para-movimentacao-de-cargas","status":"publish","type":"post","link":"https:\/\/www.sincomam.org.br\/index.php\/suape-amplia-95-area-para-movimentacao-de-cargas\/","title":{"rendered":"Suape amplia 9,5% \u00e1rea para movimenta\u00e7\u00e3o de cargas"},"content":{"rendered":"<p>O Porto de Suape, no Grande Recife, ampliou em 9,5% a \u00e1rea destinada \u00e0 movimenta\u00e7\u00e3o e \u00e0 armazenagem de cont\u00eaineres e de carga geral para importa\u00e7\u00e3o e exporta\u00e7\u00e3o, ao passar de 526,2 mil metros quadrados (m\u00b2) para 576,2 mil m\u00b2; isso porque a Receita Federal autorizou a Localfrio a expandir em 125% seu terminal alfandegado no porto, que antes era de 40 mil m\u00b2 e agora chega a 90 mil m\u00b2; devido ao aumento da \u00e1rea alfandegada, o terminal da Localfrio deve movimentar 40 mil TEUs este ano, um aumento de 60% em rela\u00e7\u00e3o a 2013.<\/p>\n<p>Sob a administra\u00e7\u00e3o da empresa de origem paulista desde 2011, o espa\u00e7o recebe, al\u00e9m de cont\u00eaineres, cargas de projeto destinadas \u00e0 instala\u00e7\u00e3o de ind\u00fastrias, como pe\u00e7as de cervejarias, da refinaria Abreu e Lima, da Petroqu\u00edmicaSuape (PQS) e de montagem de torres e\u00f3licas. A nova \u00e1rea ficou apta para operar a partir da \u00faltima ter\u00e7a-feira (17).<\/p>\n<p>Devido ao aumento da \u00e1rea alfandegada, o terminal da Localfrio deve movimentar 40 mil TEUs este ano, um aumento de 60% em rela\u00e7\u00e3o ao ano passado. Em 2013 foram movimentados 25 mil TEUs (unidade de medida para cont\u00eainer de 20 p\u00e9s), o que representou 6,3% do total de 395.636 TEUs movimentados no porto.<\/p>\n<p>De acordo com o superintendente da Localfrio na Regi\u00e3o Nordeste, Ricardo Oshiro, o alfandegamento representa um marco para o grupo no Estado. &#8220;J\u00e1 estamos obtendo retorno muito positivo dos clientes e prospects para suas cargas de projeto&#8221;, afirmou o executivo. A Localfrio \u00e9 uma das maiores empresas de opera\u00e7\u00f5es de solu\u00e7\u00f5es de log\u00edstica, armazenagem e movimenta\u00e7\u00e3o de cargas no Pa\u00eds.<\/p>\n<p>Al\u00e9m da Localfrio, que agora \u00e9 o segundo maior terminal alfandegado do Complexo, atr\u00e1s apenas do Tecon Suape, com 370 mil m\u00b2, Suape conta com a oferta das seguintes \u00e1reas alfandegadas: Porto Seco JSL, com 58,2 mil m\u00b2; Wilson Sons Log\u00edstica (48 mil m\u00b2); e Fedex\/Rapid\u00e3o Cometa (10 mil m\u00b2). Ao todo, essas \u00e1reas t\u00eam capacidade para operar 930 mil TEUs.<\/p>\n<p>Segundo a Secretaria Estadual de Desenvolvimento Econ\u00f4mico, devido \u00e0 demanda crescente na Regi\u00e3o Nordeste, a administra\u00e7\u00e3o de Suape espera que a Secretaria dos Portos (SEP) da Presid\u00eancia da Rep\u00fablica licite, no segundo semestre deste ano, seu segundo Terminal de Cont\u00eaineres (Tecon 2), um investimento de R$ 837 milh\u00f5es, p\u00fablicos e privados, que ter\u00e1 capacidade para mais 700 mil TEUs por ano, contabilizando 1,63 milh\u00e3o de TEUs.<\/p>\n<p>Fonte: Portos e Navios<\/p>\n","protected":false},"excerpt":{"rendered":"<p>O Porto de Suape, no Grande Recife, ampliou em 9,5% a \u00e1rea destinada \u00e0 movimenta\u00e7\u00e3o e \u00e0 armazenagem de cont\u00eaineres e de carga geral para&#8230;<\/p>\n","protected":false},"author":1182,"featured_media":0,"comment_status":"closed","ping_status":"closed","sticky":false,"template":"","format":"standard","meta":{"footnotes":""},"categories":[6],"tags":[83,798,191,585,237,636],"class_list":["post-4406","post","type-post","status-publish","format-standard","hentry","category-noticias","tag-ampliacao","tag-armazenagem","tag-cargas","tag-conteineres","tag-movimentacao","tag-porto-de-suape"],"_links":{"self":[{"href":"https:\/\/www.sincomam.org.br\/index.php\/wp-json\/wp\/v2\/posts\/4406","targetHints":{"allow":["GET"]}}],"collection":[{"href":"https:\/\/www.sincomam.org.br\/index.php\/wp-json\/wp\/v2\/posts"}],"about":[{"href":"https:\/\/www.sincomam.org.br\/index.php\/wp-json\/wp\/v2\/types\/post"}],"author":[{"embeddable":true,"href":"https:\/\/www.sincomam.org.br\/index.php\/wp-json\/wp\/v2\/users\/1182"}],"replies":[{"embeddable":true,"href":"https:\/\/www.sincomam.org.br\/index.php\/wp-json\/wp\/v2\/comments?post=4406"}],"version-history":[{"count":1,"href":"https:\/\/www.sincomam.org.br\/index.php\/wp-json\/wp\/v2\/posts\/4406\/revisions"}],"predecessor-version":[{"id":4407,"href":"https:\/\/www.sincomam.org.br\/index.php\/wp-json\/wp\/v2\/posts\/4406\/revisions\/4407"}],"wp:attachment":[{"href":"https:\/\/www.sincomam.org.br\/index.php\/wp-json\/wp\/v2\/media?parent=4406"}],"wp:term":[{"taxonomy":"category","embeddable":true,"href":"https:\/\/www.sincomam.org.br\/index.php\/wp-json\/wp\/v2\/categories?post=4406"},{"taxonomy":"post_tag","embeddable":true,"href":"https:\/\/www.sincomam.org.br\/index.php\/wp-json\/wp\/v2\/tags?post=4406"}],"curies":[{"name":"wp","href":"https:\/\/api.w.org\/{rel}","templated":true}]}}