{"id":44040,"date":"2023-02-14T09:50:53","date_gmt":"2023-02-14T12:50:53","guid":{"rendered":"http:\/\/www.sincomam.org.br\/?p=44040"},"modified":"2023-02-14T09:50:53","modified_gmt":"2023-02-14T12:50:53","slug":"fazenda-finaliza-proposta-para-correcao-da-tabela-do-imposto-de-renda","status":"publish","type":"post","link":"https:\/\/www.sincomam.org.br\/index.php\/fazenda-finaliza-proposta-para-correcao-da-tabela-do-imposto-de-renda\/","title":{"rendered":"Fazenda finaliza proposta para corre\u00e7\u00e3o da tabela do Imposto de Renda"},"content":{"rendered":"<p>O Minist\u00e9rio da Fazenda j\u00e1 finalizou a proposta para corre\u00e7\u00e3o da tabela do Imposto de Renda Pessoa F\u00edsica (IRPF). A nova tabela ampliar\u00e1 a faixa de isen\u00e7\u00e3o, que atualmente est\u00e1 em R$ 1.903,98. A proposta aguarda agora a decis\u00e3o final, a ser dada pelo presidente Luiz In\u00e1cio Lula da Silva.<\/p>\n<p>A finaliza\u00e7\u00e3o da proposta foi anunciada hoje (13) pelo ministro da Fazenda, Fernando Haddad, em pronunciamento durante reuni\u00e3o do Diret\u00f3rio Nacional do PT, mas nenhum detalhamento sobre valores foi antecipado at\u00e9 o momento.<\/p>\n<p>De acordo com a assessoria do PT, Haddad falou por 40 minutos sobre pol\u00edticas fiscais e monet\u00e1rias. O ministro informou aos dirigentes partid\u00e1rios que concluiu tamb\u00e9m o programa Desenrola, voltado \u00e0 renegocia\u00e7\u00e3o de pequenas d\u00edvidas.<\/p>\n<p>Tabela do IR<br \/>\nA \u00faltima atualiza\u00e7\u00e3o da tabela de Imposto de Renda foi feita em 2015. A falta de atualiza\u00e7\u00e3o tem feito com que cada vez mais brasileiros, em especial os de menor renda, passem a pagar esse tributo.<\/p>\n<p>Com o valor do sal\u00e1rio m\u00ednimo em R$ 1.302, pela primeira vez na hist\u00f3ria do pa\u00eds, pessoas que ganham 1,5 sal\u00e1rio m\u00ednimo ser\u00e3o taxadas. O valor atual do m\u00ednimo foi definido na proposta or\u00e7ament\u00e1ria do governo anterior.<\/p>\n<p>Durante a campanha eleitoral, Lula chegou a prometer ampliar, ao longo de seu governo, para R$ 5 mil a faixa de isen\u00e7\u00e3o. Durante reuni\u00e3o com centrais sindicais, em janeiro, Lula reiterou a ideia, enfatizando que, no Brasil, \u201cquem ganha muito paga pouco\u201d.<\/p>\n<p>\u201cEu tenho uma briga com os economistas do PT. O pessoal fala assim \u2018se fizer isen\u00e7\u00e3o at\u00e9 R$ 5 mil. s\u00e3o 60% da arrecada\u00e7\u00e3o deste pa\u00eds\u2019. Ent\u00e3o, vamos mudar a l\u00f3gica, vamos diminuir para o pobre e aumentar para o rico\u201d, disse, durante o encontro, o presidente.<\/p>\n<p>Gastos de campanha<br \/>\nNa abertura da reuni\u00e3o de diret\u00f3rio, a presidente do PT, deputada Gleisi Hoffmann (PT-PR), antecipou um ponto da fala a que Haddad faria na sequ\u00eancia, na reuni\u00e3o a portas fechadas com os correligion\u00e1rios, sobre os gastos feitos pelo governo anterior, visando \u00e0 reelei\u00e7\u00e3o de Jair Bolsonaro.<\/p>\n<p>\u201cO uso da m\u00e1quina foi algo absurdo. Haddad nos trouxe um c\u00e1lculo estarrecedor: foram gastos cerca de R$ 300 bilh\u00f5es entre isen\u00e7\u00f5es fiscais, aux\u00edlios, cr\u00e9dito, emendas parlamentares\u201d, disse Gleisi Hoffmann.<\/p>\n<p>Fonte: Ag\u00eancia Brasil<\/p>\n","protected":false},"excerpt":{"rendered":"<p>O Minist\u00e9rio da Fazenda j\u00e1 finalizou a proposta para corre\u00e7\u00e3o da tabela do Imposto de Renda Pessoa F\u00edsica (IRPF). A nova tabela ampliar\u00e1 a faixa&#8230;<\/p>\n","protected":false},"author":1527,"featured_media":44041,"comment_status":"closed","ping_status":"closed","sticky":false,"template":"","format":"standard","meta":{"footnotes":""},"categories":[6],"tags":[],"class_list":["post-44040","post","type-post","status-publish","format-standard","has-post-thumbnail","hentry","category-noticias"],"_links":{"self":[{"href":"https:\/\/www.sincomam.org.br\/index.php\/wp-json\/wp\/v2\/posts\/44040","targetHints":{"allow":["GET"]}}],"collection":[{"href":"https:\/\/www.sincomam.org.br\/index.php\/wp-json\/wp\/v2\/posts"}],"about":[{"href":"https:\/\/www.sincomam.org.br\/index.php\/wp-json\/wp\/v2\/types\/post"}],"author":[{"embeddable":true,"href":"https:\/\/www.sincomam.org.br\/index.php\/wp-json\/wp\/v2\/users\/1527"}],"replies":[{"embeddable":true,"href":"https:\/\/www.sincomam.org.br\/index.php\/wp-json\/wp\/v2\/comments?post=44040"}],"version-history":[{"count":1,"href":"https:\/\/www.sincomam.org.br\/index.php\/wp-json\/wp\/v2\/posts\/44040\/revisions"}],"predecessor-version":[{"id":44042,"href":"https:\/\/www.sincomam.org.br\/index.php\/wp-json\/wp\/v2\/posts\/44040\/revisions\/44042"}],"wp:featuredmedia":[{"embeddable":true,"href":"https:\/\/www.sincomam.org.br\/index.php\/wp-json\/wp\/v2\/media\/44041"}],"wp:attachment":[{"href":"https:\/\/www.sincomam.org.br\/index.php\/wp-json\/wp\/v2\/media?parent=44040"}],"wp:term":[{"taxonomy":"category","embeddable":true,"href":"https:\/\/www.sincomam.org.br\/index.php\/wp-json\/wp\/v2\/categories?post=44040"},{"taxonomy":"post_tag","embeddable":true,"href":"https:\/\/www.sincomam.org.br\/index.php\/wp-json\/wp\/v2\/tags?post=44040"}],"curies":[{"name":"wp","href":"https:\/\/api.w.org\/{rel}","templated":true}]}}