{"id":44022,"date":"2023-02-13T12:34:34","date_gmt":"2023-02-13T15:34:34","guid":{"rendered":"http:\/\/www.sincomam.org.br\/?p=44022"},"modified":"2023-02-13T12:34:54","modified_gmt":"2023-02-13T15:34:54","slug":"44022","status":"publish","type":"post","link":"https:\/\/www.sincomam.org.br\/index.php\/44022\/","title":{"rendered":"CML faz visita institucional ao Comando do 1\u00ba Distrito Naval"},"content":{"rendered":"<p>O Comandante Militar do Leste, General de Ex\u00e9rcito Andr\u00e9 Luis Novaes Miranda, realizou visita ao Comando do 1\u00ba Distrito Naval (1\u00ba DN).<\/p>\n<p>Na oportunidade o General Novaes foi recepcionado pelo Vice-Almirante Eduardo Machado Vazquez, Comandante do 1\u00ba Distrito Naval, e pelo Contra-Almirante Pedro Augusto Bittencourt Heine Filho, Chefe do Estado-Maior. O 1\u00ba DN \u00e9 a unidade militar incumbida do cumprimento das tarefas de responsabilidade da Marinha na sua \u00e1rea de jurisdi\u00e7\u00e3o e est\u00e1 sediada na cidade do Rio de Janeiro.<\/p>\n<p>A atividade est\u00e1 inserida no conjunto de compromissos institucionais do Comando Militar do Leste e teve por objetivo tratar sobre assuntos de interesses m\u00fatuos, contribuindo para o fortalecimento da coes\u00e3o entre as For\u00e7as Singulares, bem como a manuten\u00e7\u00e3o dos v\u00ednculos de amizade e camaradagem.<\/p>\n<p>Fonte: Defesa em Foco<\/p>\n","protected":false},"excerpt":{"rendered":"<p>O Comandante Militar do Leste, General de Ex\u00e9rcito Andr\u00e9 Luis Novaes Miranda, realizou visita ao Comando do 1\u00ba Distrito Naval (1\u00ba DN). Na oportunidade o&#8230;<\/p>\n","protected":false},"author":1527,"featured_media":44023,"comment_status":"closed","ping_status":"closed","sticky":false,"template":"","format":"standard","meta":{"footnotes":""},"categories":[6],"tags":[],"class_list":["post-44022","post","type-post","status-publish","format-standard","has-post-thumbnail","hentry","category-noticias"],"_links":{"self":[{"href":"https:\/\/www.sincomam.org.br\/index.php\/wp-json\/wp\/v2\/posts\/44022","targetHints":{"allow":["GET"]}}],"collection":[{"href":"https:\/\/www.sincomam.org.br\/index.php\/wp-json\/wp\/v2\/posts"}],"about":[{"href":"https:\/\/www.sincomam.org.br\/index.php\/wp-json\/wp\/v2\/types\/post"}],"author":[{"embeddable":true,"href":"https:\/\/www.sincomam.org.br\/index.php\/wp-json\/wp\/v2\/users\/1527"}],"replies":[{"embeddable":true,"href":"https:\/\/www.sincomam.org.br\/index.php\/wp-json\/wp\/v2\/comments?post=44022"}],"version-history":[{"count":2,"href":"https:\/\/www.sincomam.org.br\/index.php\/wp-json\/wp\/v2\/posts\/44022\/revisions"}],"predecessor-version":[{"id":44025,"href":"https:\/\/www.sincomam.org.br\/index.php\/wp-json\/wp\/v2\/posts\/44022\/revisions\/44025"}],"wp:featuredmedia":[{"embeddable":true,"href":"https:\/\/www.sincomam.org.br\/index.php\/wp-json\/wp\/v2\/media\/44023"}],"wp:attachment":[{"href":"https:\/\/www.sincomam.org.br\/index.php\/wp-json\/wp\/v2\/media?parent=44022"}],"wp:term":[{"taxonomy":"category","embeddable":true,"href":"https:\/\/www.sincomam.org.br\/index.php\/wp-json\/wp\/v2\/categories?post=44022"},{"taxonomy":"post_tag","embeddable":true,"href":"https:\/\/www.sincomam.org.br\/index.php\/wp-json\/wp\/v2\/tags?post=44022"}],"curies":[{"name":"wp","href":"https:\/\/api.w.org\/{rel}","templated":true}]}}