{"id":44019,"date":"2023-02-13T12:30:44","date_gmt":"2023-02-13T15:30:44","guid":{"rendered":"http:\/\/www.sincomam.org.br\/?p=44019"},"modified":"2023-02-13T12:30:44","modified_gmt":"2023-02-13T15:30:44","slug":"veleiro-apreendido-e-doado-aos-escoteiros-do-brasil-faz-1a-expedicao","status":"publish","type":"post","link":"https:\/\/www.sincomam.org.br\/index.php\/veleiro-apreendido-e-doado-aos-escoteiros-do-brasil-faz-1a-expedicao\/","title":{"rendered":"Veleiro apreendido e doado aos Escoteiros do Brasil faz 1\u00aa expedi\u00e7\u00e3o"},"content":{"rendered":"<p>Uma equipe formada por tr\u00eas velejadores volunt\u00e1rios do Movimento Escoteiro navegam, desde ontem (10), pela costa brasileira em um trajeto iniciado em Natal e com destino final no Porto de Paranagu\u00e1, no estado do Paran\u00e1. Trata-se da primeira expedi\u00e7\u00e3o com um veleiro de 51 p\u00e9s apreendido pela Pol\u00edcia Federal em 2021. Uma negocia\u00e7\u00e3o em \u00e2mbito judicial envolvendo o Minist\u00e9rio P\u00fablico Federal (MPF) e a Marinha do Brasil selou a doa\u00e7\u00e3o da embarca\u00e7\u00e3o aos Escoteiros do Brasil.<\/p>\n<p>A navega\u00e7\u00e3o pela costa do pa\u00eds, passando por diversos estados, foi viabilizada ap\u00f3s o repasse do veleiro receber a anu\u00eancia da Justi\u00e7a Federal. \u00c9 uma expedi\u00e7\u00e3o in\u00e9dita para os escoteiros brasileiros. A jornada depender\u00e1 do clima e poder\u00e1 levar at\u00e9 30 dias. Est\u00e3o previstas paradas nas quais os escoteiros locais poder\u00e3o visitar a embarca\u00e7\u00e3o.<\/p>\n<p>O Movimento Escoteiro \u00e9 um movimento educacional existente no mundo desde o in\u00edcio do s\u00e9culo passado que incentiva o desenvolvimento e a proatividade de crian\u00e7as, adolescentes e jovens. Por meio de atividades atraentes, s\u00e3o cultivados valores como a fraternidade, a justi\u00e7a e a preocupa\u00e7\u00e3o com o meio ambiente.<\/p>\n<p>A associa\u00e7\u00e3o sem fins lucrativos Escoteiros do Brasil foi fundada em 1924 para promover esse movimento no pa\u00eds. Segundo relat\u00f3rio apresentado em 2020, a entidade tem mais de 79 mil associados e est\u00e1 presente em quase 700 munic\u00edpios brasileiros.<\/p>\n<p>Segundo os Escoteiros do Brasil, a transfer\u00eancia da embarca\u00e7\u00e3o, por ora, tem car\u00e1ter provis\u00f3rio, mas dever\u00e1 se tornar definitiva. A entidade pretende empreg\u00e1-lo em um projeto de longo prazo que visa oferecer \u00e0s crian\u00e7as, adolescentes e jovens a oportunidade de aprofundar o conhecimento sobre o mundo mar\u00edtimo em um veleiro-escola.<\/p>\n<p>Batizado de Lamia, o veleiro foi interceptado e apreendido em setembro de 2021 por transporte de subst\u00e2ncias il\u00edcitas pr\u00f3ximo ao arquip\u00e9lago de Fernando de Noronha, em Pernambuco. Na ocasi\u00e3o, dois tripulantes estrangeiros foram presos em flagrante.<\/p>\n<p>Fonte: Ag\u00eancia Brasil<\/p>\n","protected":false},"excerpt":{"rendered":"<p>Uma equipe formada por tr\u00eas velejadores volunt\u00e1rios do Movimento Escoteiro navegam, desde ontem (10), pela costa brasileira em um trajeto iniciado em Natal e com&#8230;<\/p>\n","protected":false},"author":1527,"featured_media":44020,"comment_status":"closed","ping_status":"closed","sticky":false,"template":"","format":"standard","meta":{"footnotes":""},"categories":[6],"tags":[],"class_list":["post-44019","post","type-post","status-publish","format-standard","has-post-thumbnail","hentry","category-noticias"],"_links":{"self":[{"href":"https:\/\/www.sincomam.org.br\/index.php\/wp-json\/wp\/v2\/posts\/44019","targetHints":{"allow":["GET"]}}],"collection":[{"href":"https:\/\/www.sincomam.org.br\/index.php\/wp-json\/wp\/v2\/posts"}],"about":[{"href":"https:\/\/www.sincomam.org.br\/index.php\/wp-json\/wp\/v2\/types\/post"}],"author":[{"embeddable":true,"href":"https:\/\/www.sincomam.org.br\/index.php\/wp-json\/wp\/v2\/users\/1527"}],"replies":[{"embeddable":true,"href":"https:\/\/www.sincomam.org.br\/index.php\/wp-json\/wp\/v2\/comments?post=44019"}],"version-history":[{"count":1,"href":"https:\/\/www.sincomam.org.br\/index.php\/wp-json\/wp\/v2\/posts\/44019\/revisions"}],"predecessor-version":[{"id":44021,"href":"https:\/\/www.sincomam.org.br\/index.php\/wp-json\/wp\/v2\/posts\/44019\/revisions\/44021"}],"wp:featuredmedia":[{"embeddable":true,"href":"https:\/\/www.sincomam.org.br\/index.php\/wp-json\/wp\/v2\/media\/44020"}],"wp:attachment":[{"href":"https:\/\/www.sincomam.org.br\/index.php\/wp-json\/wp\/v2\/media?parent=44019"}],"wp:term":[{"taxonomy":"category","embeddable":true,"href":"https:\/\/www.sincomam.org.br\/index.php\/wp-json\/wp\/v2\/categories?post=44019"},{"taxonomy":"post_tag","embeddable":true,"href":"https:\/\/www.sincomam.org.br\/index.php\/wp-json\/wp\/v2\/tags?post=44019"}],"curies":[{"name":"wp","href":"https:\/\/api.w.org\/{rel}","templated":true}]}}